{"id":3308,"date":"2014-02-10T09:14:27","date_gmt":"2014-02-10T11:14:27","guid":{"rendered":"http:\/\/www.sincomam.org.br\/?p=3308"},"modified":"2014-02-10T12:17:26","modified_gmt":"2014-02-10T14:17:26","slug":"presidente-da-petrobras-e-eleita-4a-mulher-mais-poderosa-no-mundo-dos-negocios","status":"publish","type":"post","link":"https:\/\/www.sincomam.org.br\/index.php\/presidente-da-petrobras-e-eleita-4a-mulher-mais-poderosa-no-mundo-dos-negocios\/","title":{"rendered":"Presidente da Petrobras \u00e9 eleita 4\u00aa mulher mais poderosa no mundo dos neg\u00f3cios"},"content":{"rendered":"<p>A presidenta da Petrobras, Gra\u00e7a Foster, foi eleita pela revista norte-americana de neg\u00f3cios Fortune a quarta mulher mais poderosa do mundo. \u00a0A primeira colocada no ranking de 50 mulheres \u00e9 a CEO da General Motors, Mary Barra. As norte-americanas dominaram a lista de mulheres poderosas e influentes, com 30 das 50 coloca\u00e7\u00f5es &#8211; inclusive, as tr\u00eas primeiras. Depois de Mary Barra, a revista lista as CEOs da IBM e da Pepsico, Ginni Rommety e Indira Nooyi, respectivamente.<\/p>\n<p>Esta n\u00e3o \u00e9 a primeira vez que Gra\u00e7a Foster entra nos rankings da publica\u00e7\u00e3o. Ela j\u00e1 foi a primeira colocada como a executiva mais poderosa fora dos Estados Unidos em 2012 e em 2013.\u00a0 No ano passado, a presidenta da Petrobras entrou no ranking da Forbes como uma das 20 mulheres mais poderosas do mundo.<\/p>\n<p>De acordo com a Fortune, a lista foi criada por editores de acordo com o peso de fatores como o tamanho, a import\u00e2ncia, a sa\u00fade e o futuro do neg\u00f3cio que as mulheres comandam, assim como a trajet\u00f3ria da carreira das avaliadas. Nessa primeira edi\u00e7\u00e3o global do ranking, a publica\u00e7\u00e3o deu \u00eanfase \u00e0 atua\u00e7\u00e3o internacional das mulheres escolhidas e o seu posicionamento na comunidade internacional. Em edi\u00e7\u00f5es anteriores, os rankings eram divididos entre executivas norte-americanas e aquelas que atuavam fora dos Estados Unidos.<\/p>\n<p>Gra\u00e7a Foster, 60 anos, \u00e9 engenheira qu\u00edmica e a primeira mulher a comandar a Petrobras. Assumiu a presid\u00eancia da estatal em fevereiro de 2012. Antes de assumir o mais alto posto da empresa, foi diretora de G\u00e1s e Energia e presidente da Petrobras Distribuidora, entre outros cargos executivos. Ela est\u00e1 h\u00e1 32 anos no quadro de profissionais de carreira da empresa.<\/p>\n<p>Fonte: Ag\u00eancia Brasil<\/p>\n","protected":false},"excerpt":{"rendered":"<p>A presidenta da Petrobras, Gra\u00e7a Foster, foi eleita pela revista norte-americana de neg\u00f3cios Fortune a quarta mulher mais poderosa do mundo. \u00a0A primeira colocada no&#8230;<\/p>\n","protected":false},"author":1182,"featured_media":0,"comment_status":"closed","ping_status":"closed","sticky":false,"template":"","format":"standard","meta":{"footnotes":""},"categories":[6],"tags":[385,384,58,386],"class_list":["post-3308","post","type-post","status-publish","format-standard","hentry","category-noticias","tag-eleita","tag-graca-foster","tag-petrobras","tag-poderosa"],"_links":{"self":[{"href":"https:\/\/www.sincomam.org.br\/index.php\/wp-json\/wp\/v2\/posts\/3308","targetHints":{"allow":["GET"]}}],"collection":[{"href":"https:\/\/www.sincomam.org.br\/index.php\/wp-json\/wp\/v2\/posts"}],"about":[{"href":"https:\/\/www.sincomam.org.br\/index.php\/wp-json\/wp\/v2\/types\/post"}],"author":[{"embeddable":true,"href":"https:\/\/www.sincomam.org.br\/index.php\/wp-json\/wp\/v2\/users\/1182"}],"replies":[{"embeddable":true,"href":"https:\/\/www.sincomam.org.br\/index.php\/wp-json\/wp\/v2\/comments?post=3308"}],"version-history":[{"count":1,"href":"https:\/\/www.sincomam.org.br\/index.php\/wp-json\/wp\/v2\/posts\/3308\/revisions"}],"predecessor-version":[{"id":3311,"href":"https:\/\/www.sincomam.org.br\/index.php\/wp-json\/wp\/v2\/posts\/3308\/revisions\/3311"}],"wp:attachment":[{"href":"https:\/\/www.sincomam.org.br\/index.php\/wp-json\/wp\/v2\/media?parent=3308"}],"wp:term":[{"taxonomy":"category","embeddable":true,"href":"https:\/\/www.sincomam.org.br\/index.php\/wp-json\/wp\/v2\/categories?post=3308"},{"taxonomy":"post_tag","embeddable":true,"href":"https:\/\/www.sincomam.org.br\/index.php\/wp-json\/wp\/v2\/tags?post=3308"}],"curies":[{"name":"wp","href":"https:\/\/api.w.org\/{rel}","templated":true}]}}