{"id":33061,"date":"2020-12-18T12:15:13","date_gmt":"2020-12-18T15:15:13","guid":{"rendered":"http:\/\/www.sincomam.org.br\/?p=33061"},"modified":"2020-12-18T12:15:13","modified_gmt":"2020-12-18T15:15:13","slug":"paranagua-amplia-capacidade-de-carregamento-de-conteineres","status":"publish","type":"post","link":"https:\/\/www.sincomam.org.br\/index.php\/paranagua-amplia-capacidade-de-carregamento-de-conteineres\/","title":{"rendered":"Paranagu\u00e1 amplia capacidade de carregamento de cont\u00eaineres"},"content":{"rendered":"<p><strong><em>Aumento significa 15% mais capacidade de movimenta\u00e7\u00e3o do porto<\/em><\/strong><\/p>\n<p>O Porto de Paranagu\u00e1 pode agora carregar mais 120 cont\u00eaineres cheios, por navio, nos dois \u00faltimos ber\u00e7os a leste do cais p\u00fablico: 217 e 218. Segundo informa\u00e7\u00f5es da empresa p\u00fablica Portos do Paran\u00e1, a medida vale para grandes embarca\u00e7\u00f5es do segmento, que medem mais de 300 metros no comprimento.<\/p>\n<p><em>\u201cIsso foi poss\u00edvel porque a autoridade mar\u00edtima acaba de aprovar mais 30 cent\u00edmetros de calado operacional para esses dois ber\u00e7os. Passamos de 11,80 metros para 12,10, destacou o diretor-presidente da empresa Portos do Paran\u00e1, Luiz Fernando Garcia.<\/em><\/p>\n<p>Considerando a evolu\u00e7\u00e3o do calado operacional, nos \u00faltimos cinco anos o terminal de cont\u00eaineres do Porto de Paranagu\u00e1 incrementou a capacidade de movimenta\u00e7\u00e3o, por navio, em mais 1.280 TEUS &#8211; unidade espec\u00edfica para contabilizar os cont\u00eaineres. O ganho de calado operacional obtido de 2015 at\u00e9 esta \u00faltima revis\u00e3o \u00e9 de 1,60 metros.<\/p>\n<p>Esses dois ber\u00e7os s\u00e3o operados pelo Terminal de Cont\u00eaineres de Paranagu\u00e1 (TCP), arrendat\u00e1ria da \u00e1rea de mais de 487 mil metros quadrados, localizada na ponta leste do cais do Porto de Paranagu\u00e1. Segundo a empresa, a viabilidade do aumento de 30 cent\u00edmetros no calado operacional \u00e9 fruto de um trabalho intenso, dos \u00faltimos seis meses.<\/p>\n<p><em>\u201cEstes avan\u00e7os s\u00e3o frutos da excelente gest\u00e3o das autoridades Portu\u00e1ria e Mar\u00edtima e da Praticagem. Hoje, n\u00e3o h\u00e1 preocupa\u00e7\u00e3o com apenas um segmento do porto, mas, sim, com toda a cadeia produtiva e log\u00edstica do Estado, integrando os principais atores t\u00e9cnicos e institucionais em um mesmo objetivo: tornar Paranagu\u00e1 o melhor e mais produtivo porto do Brasil\u201d, explicou o diretor comercial e institucional da TCP, Thomas Lima.<\/em><\/p>\n<p>*Com informa\u00e7\u00f5es da Portos do Paran\u00e1\/ Foto: Ivan Bueno<\/p>\n","protected":false},"excerpt":{"rendered":"<p>Aumento significa 15% mais capacidade de movimenta\u00e7\u00e3o do porto O Porto de Paranagu\u00e1 pode agora carregar mais 120 cont\u00eaineres cheios, por navio, nos dois \u00faltimos&#8230;<\/p>\n","protected":false},"author":1182,"featured_media":18961,"comment_status":"closed","ping_status":"closed","sticky":false,"template":"","format":"standard","meta":{"footnotes":""},"categories":[6],"tags":[1393,575,585,187,80],"class_list":["post-33061","post","type-post","status-publish","format-standard","has-post-thumbnail","hentry","category-noticias","tag-capacidade","tag-carregamento","tag-conteineres","tag-paranagua","tag-porto"],"_links":{"self":[{"href":"https:\/\/www.sincomam.org.br\/index.php\/wp-json\/wp\/v2\/posts\/33061","targetHints":{"allow":["GET"]}}],"collection":[{"href":"https:\/\/www.sincomam.org.br\/index.php\/wp-json\/wp\/v2\/posts"}],"about":[{"href":"https:\/\/www.sincomam.org.br\/index.php\/wp-json\/wp\/v2\/types\/post"}],"author":[{"embeddable":true,"href":"https:\/\/www.sincomam.org.br\/index.php\/wp-json\/wp\/v2\/users\/1182"}],"replies":[{"embeddable":true,"href":"https:\/\/www.sincomam.org.br\/index.php\/wp-json\/wp\/v2\/comments?post=33061"}],"version-history":[{"count":1,"href":"https:\/\/www.sincomam.org.br\/index.php\/wp-json\/wp\/v2\/posts\/33061\/revisions"}],"predecessor-version":[{"id":33062,"href":"https:\/\/www.sincomam.org.br\/index.php\/wp-json\/wp\/v2\/posts\/33061\/revisions\/33062"}],"wp:featuredmedia":[{"embeddable":true,"href":"https:\/\/www.sincomam.org.br\/index.php\/wp-json\/wp\/v2\/media\/18961"}],"wp:attachment":[{"href":"https:\/\/www.sincomam.org.br\/index.php\/wp-json\/wp\/v2\/media?parent=33061"}],"wp:term":[{"taxonomy":"category","embeddable":true,"href":"https:\/\/www.sincomam.org.br\/index.php\/wp-json\/wp\/v2\/categories?post=33061"},{"taxonomy":"post_tag","embeddable":true,"href":"https:\/\/www.sincomam.org.br\/index.php\/wp-json\/wp\/v2\/tags?post=33061"}],"curies":[{"name":"wp","href":"https:\/\/api.w.org\/{rel}","templated":true}]}}