{"id":33053,"date":"2020-12-18T08:00:49","date_gmt":"2020-12-18T11:00:49","guid":{"rendered":"http:\/\/www.sincomam.org.br\/?p=33053"},"modified":"2020-12-18T12:47:42","modified_gmt":"2020-12-18T15:47:42","slug":"33053","status":"publish","type":"post","link":"https:\/\/www.sincomam.org.br\/index.php\/33053\/","title":{"rendered":"Governo destina R$ 20 bi para vacina\u00e7\u00e3o da popula\u00e7\u00e3o contra covid-19"},"content":{"rendered":"<p><strong><em>Vacina\u00e7\u00e3o ser\u00e1 gratuita e volunt\u00e1ria, disse Bolsonaro ao assinar MP<\/em><\/strong><\/p>\n<p>O presidente Jair Bolsonaro assinou nesta quinta-feira (17) uma Medida Provis\u00f3ria (MP) que abre cr\u00e9dito extraordin\u00e1rio de R$ 20 bilh\u00f5es, em favor do Minist\u00e9rio da Sa\u00fade, para a vacina\u00e7\u00e3o da popula\u00e7\u00e3o contra a covid-19. O ato ocorreu durante a cerim\u00f4nia de posse do novo ministro do Turismo, Gilson Machado, no Pal\u00e1cio do Planalto.<\/p>\n<p><em>\u201cT\u00e3o logo tenhamos uma vacina certificada pela Anvisa [Ag\u00eancia Nacional de Vigil\u00e2ncia Sanit\u00e1ria], ela estar\u00e1 a disposi\u00e7\u00e3o de todos no Brasil, de forma gratuita e volunt\u00e1ria\u201d, disse Bolsonaro. A MP deve ser publicada ainda nesta quinta-feira em edi\u00e7\u00e3o extra do Di\u00e1rio Oficial da Uni\u00e3o.<\/em><\/p>\n<p>Em nota, a Secretaria-Geral da Presid\u00eancia explicou que o valor cobrir\u00e1 as despesas com a compra das doses de vacina, seringas, agulhas, log\u00edstica, comunica\u00e7\u00e3o e todas as despesas que sejam necess\u00e1rias para vacinar a popula\u00e7\u00e3o. O montante, ainda segundo a pasta, n\u00e3o \u00e9 destinado a nenhuma vacina espec\u00edfica e poder\u00e1 ser utilizado conforme o planejamento e as necessidades do Minist\u00e9rio da Sa\u00fade.<\/p>\n<p><em>\u201cA medida permitir\u00e1 que as autoridades de sa\u00fade brasileiras fiquem em condi\u00e7\u00f5es de adquirir as primeiras vacinas que tenham o seu uso autorizado pela Ag\u00eancia Nacional de Vigil\u00e2ncia Sanit\u00e1ria (Anvisa) e que apresentem possibilidade de r\u00e1pida disponibiliza\u00e7\u00e3o \u00e0 popula\u00e7\u00e3o brasileira\u201d, diz a nota.<\/em><\/p>\n<p>De acordo com o governo federal, o valor ser\u00e1 financiado com o uso de super\u00e1vit financeiro de exerc\u00edcios anteriores e, como se trata de um cr\u00e9dito extraordin\u00e1rio, ele n\u00e3o depende da aprova\u00e7\u00e3o da Lei Or\u00e7ament\u00e1ria de 2021. \u201cEmbora a medida em tela seja enviada ao Legislativo para posterior confirma\u00e7\u00e3o, os recursos j\u00e1 ficar\u00e3o dispon\u00edveis imediatamente e poder\u00e3o ser utilizados desde j\u00e1 pelo Minist\u00e9rio da Sa\u00fade. A medida \u00e9 mais uma das a\u00e7\u00f5es empreendidas pelo governo federal visando diminuir os graves impactos econ\u00f4micos pela pandemia do covid-19\u201d, explicou a Secretaria-Geral.<\/p>\n<p>De acordo com o Plano Nacional de Operacionaliza\u00e7\u00e3o da Vacina contra a Covid-19, apresentado esta semana pelo Minist\u00e9rio da Sa\u00fade, o governo federal j\u00e1 disponibilizou R$ 1,9 bilh\u00e3o de encomenda tecnol\u00f3gica associada \u00e0 aquisi\u00e7\u00e3o de 100,4 milh\u00f5es de doses de vacina pela AstraZeneca\/Fiocruz e R$ 2,5 bilh\u00f5es para ades\u00e3o ao Cons\u00f3rcio Covax Facitity, associado \u00e0 aquisi\u00e7\u00e3o de 42 milh\u00f5es de doses de vacinas.<\/p>\n<p>Al\u00e9m disso, h\u00e1 outros R$ 177,6 milh\u00f5es para custeio e investimento na Rede de Frio, na moderniza\u00e7\u00e3o dos Centros de Refer\u00eancia para Imunobiol\u00f3gicos Especiais (CRIEs), no fortalecimento e amplia\u00e7\u00e3o da vigil\u00e2ncia de s\u00edndromes respirat\u00f3rias. Tamb\u00e9m outros R$ 62 milh\u00f5es foram investidos para aquisi\u00e7\u00e3o de mais 300 milh\u00f5es de seringas e agulhas.<\/p>\n<p>Fonte: Ag\u00eancia Brasil \/ Foto: F\u00e1bio Rodrigues Pozzebom<\/p>\n","protected":false},"excerpt":{"rendered":"<p>Vacina\u00e7\u00e3o ser\u00e1 gratuita e volunt\u00e1ria, disse Bolsonaro ao assinar MP O presidente Jair Bolsonaro assinou nesta quinta-feira (17) uma Medida Provis\u00f3ria (MP) que abre cr\u00e9dito&#8230;<\/p>\n","protected":false},"author":1182,"featured_media":33054,"comment_status":"closed","ping_status":"closed","sticky":false,"template":"","format":"standard","meta":{"footnotes":""},"categories":[6],"tags":[818,2752,2751,674],"class_list":["post-33053","post","type-post","status-publish","format-standard","has-post-thumbnail","hentry","category-noticias","tag-aprovacao","tag-coronavirus","tag-covid-19","tag-vacina"],"_links":{"self":[{"href":"https:\/\/www.sincomam.org.br\/index.php\/wp-json\/wp\/v2\/posts\/33053","targetHints":{"allow":["GET"]}}],"collection":[{"href":"https:\/\/www.sincomam.org.br\/index.php\/wp-json\/wp\/v2\/posts"}],"about":[{"href":"https:\/\/www.sincomam.org.br\/index.php\/wp-json\/wp\/v2\/types\/post"}],"author":[{"embeddable":true,"href":"https:\/\/www.sincomam.org.br\/index.php\/wp-json\/wp\/v2\/users\/1182"}],"replies":[{"embeddable":true,"href":"https:\/\/www.sincomam.org.br\/index.php\/wp-json\/wp\/v2\/comments?post=33053"}],"version-history":[{"count":2,"href":"https:\/\/www.sincomam.org.br\/index.php\/wp-json\/wp\/v2\/posts\/33053\/revisions"}],"predecessor-version":[{"id":33056,"href":"https:\/\/www.sincomam.org.br\/index.php\/wp-json\/wp\/v2\/posts\/33053\/revisions\/33056"}],"wp:featuredmedia":[{"embeddable":true,"href":"https:\/\/www.sincomam.org.br\/index.php\/wp-json\/wp\/v2\/media\/33054"}],"wp:attachment":[{"href":"https:\/\/www.sincomam.org.br\/index.php\/wp-json\/wp\/v2\/media?parent=33053"}],"wp:term":[{"taxonomy":"category","embeddable":true,"href":"https:\/\/www.sincomam.org.br\/index.php\/wp-json\/wp\/v2\/categories?post=33053"},{"taxonomy":"post_tag","embeddable":true,"href":"https:\/\/www.sincomam.org.br\/index.php\/wp-json\/wp\/v2\/tags?post=33053"}],"curies":[{"name":"wp","href":"https:\/\/api.w.org\/{rel}","templated":true}]}}