{"id":33031,"date":"2020-12-16T11:53:06","date_gmt":"2020-12-16T14:53:06","guid":{"rendered":"http:\/\/www.sincomam.org.br\/?p=33031"},"modified":"2020-12-16T11:53:06","modified_gmt":"2020-12-16T14:53:06","slug":"terminais-portuarios-da-codeba-serao-leiloados-sexta-feira","status":"publish","type":"post","link":"https:\/\/www.sincomam.org.br\/index.php\/terminais-portuarios-da-codeba-serao-leiloados-sexta-feira\/","title":{"rendered":"Terminais portu\u00e1rios da Codeba ser\u00e3o leiloados sexta-feira"},"content":{"rendered":"<p>O Minist\u00e9rio da Infraestrutura, realiza, na sexta-feira (18), em S\u00e3o Paulo, o leil\u00e3o de dois terminais da Codeba \u2013 ATU12 e ATU18, no Porto de Aratu-Candeias. Os arrendamentos devem render investimentos de R$ 363 milh\u00f5es. As \u00e1reas ultrapassam os 200 mil metros quadrados. S\u00f3 em gran\u00e9is s\u00f3lidos &#8211; principalmente soja \u2013 a proje\u00e7\u00e3o \u00e9 triplicar a movimenta\u00e7\u00e3o, a partir de 2024. Ao fim do contrato, a estimativa \u00e9 movimentar 10 milh\u00f5es de toneladas\/ano.<\/p>\n<p>O projeto prev\u00ea a implanta\u00e7\u00e3o de equipamentos e edifica\u00e7\u00f5es para desembarque, embarque e armazenagem. Os terminais v\u00e3o atender \u00e0s demandas da produ\u00e7\u00e3o agr\u00edcola da regi\u00e3o chamada de Matopiba: formada pelos estados do Maranh\u00e3o, Tocantins, Piau\u00ed e Bahia.<\/p>\n<p>Projeto ATU12 (brownfield) \u2013 destinado \u00e0 movimenta\u00e7\u00e3o de gran\u00e9is s\u00f3lidos, principalmente fertilizantes, concentrado de cobre, coque de petr\u00f3leo e min\u00e9rios diversos, com destaque para o min\u00e9rio de ferro. S\u00e3o aproximadamente 160 mil m\u00b2, com expectativa de movimenta\u00e7\u00e3o m\u00e9dia de 2 milh\u00f5es de toneladas\/ano. O prazo do contrato \u00e9 de 25 anos.<\/p>\n<p>Projeto ATU 18 (greenfield) \u2013 destinado \u00e0 movimenta\u00e7\u00e3o de gran\u00e9is s\u00f3lidos vegetais &#8211; gr\u00e3o de soja, farelo de soja, trigo e malte. \u00c1rea de 51.6 mil m\u00b2. O prazo do contrato \u00e9 de 15 anos, projetado para movimentar 8 milh\u00f5es de toneladas\/ano, ao fim do contrato.<\/p>\n<p>O diretor-presidente da Codeba, Carlos Autran, respons\u00e1vel pela gest\u00e3o do complexo portu\u00e1rio formado por Aratu, Salvador e Ilh\u00e9us, destaca a necessidade de amplia\u00e7\u00e3o e investimento nas \u00e1reas portu\u00e1rias para atender demandas reprimidas e, principalmente, demandas futuras geradas pelo crescimento do pa\u00eds. \u201cO Brasil est\u00e1 avan\u00e7ando economicamente. Batendo recordes na produ\u00e7\u00e3o de soja. \u00c9 um momento estrat\u00e9gico para capacitar as estruturas portu\u00e1rias\u201d, explica.<\/p>\n<p>A gest\u00e3o dos terminais se dar\u00e1 nos mesmos moldes do que j\u00e1 ocorre no Porto de Salvador com a Tecon \u2013 Wilson Sons, operadora portu\u00e1ria de carga e descarga de cont\u00eainers, e a Intermar\u00edtima Portos e Log\u00edstica S\/A.<\/p>\n<p>Fonte: Ascom-Codeba<\/p>\n","protected":false},"excerpt":{"rendered":"<p>O Minist\u00e9rio da Infraestrutura, realiza, na sexta-feira (18), em S\u00e3o Paulo, o leil\u00e3o de dois terminais da Codeba \u2013 ATU12 e ATU18, no Porto de&#8230;<\/p>\n","protected":false},"author":1182,"featured_media":5429,"comment_status":"closed","ping_status":"closed","sticky":false,"template":"","format":"standard","meta":{"footnotes":""},"categories":[6],"tags":[3587,2151,132,1026,656],"class_list":["post-33031","post","type-post","status-publish","format-standard","has-post-thumbnail","hentry","category-noticias","tag-arrendamentos","tag-codeba","tag-investimento","tag-portuario","tag-terminal"],"_links":{"self":[{"href":"https:\/\/www.sincomam.org.br\/index.php\/wp-json\/wp\/v2\/posts\/33031","targetHints":{"allow":["GET"]}}],"collection":[{"href":"https:\/\/www.sincomam.org.br\/index.php\/wp-json\/wp\/v2\/posts"}],"about":[{"href":"https:\/\/www.sincomam.org.br\/index.php\/wp-json\/wp\/v2\/types\/post"}],"author":[{"embeddable":true,"href":"https:\/\/www.sincomam.org.br\/index.php\/wp-json\/wp\/v2\/users\/1182"}],"replies":[{"embeddable":true,"href":"https:\/\/www.sincomam.org.br\/index.php\/wp-json\/wp\/v2\/comments?post=33031"}],"version-history":[{"count":1,"href":"https:\/\/www.sincomam.org.br\/index.php\/wp-json\/wp\/v2\/posts\/33031\/revisions"}],"predecessor-version":[{"id":33032,"href":"https:\/\/www.sincomam.org.br\/index.php\/wp-json\/wp\/v2\/posts\/33031\/revisions\/33032"}],"wp:featuredmedia":[{"embeddable":true,"href":"https:\/\/www.sincomam.org.br\/index.php\/wp-json\/wp\/v2\/media\/5429"}],"wp:attachment":[{"href":"https:\/\/www.sincomam.org.br\/index.php\/wp-json\/wp\/v2\/media?parent=33031"}],"wp:term":[{"taxonomy":"category","embeddable":true,"href":"https:\/\/www.sincomam.org.br\/index.php\/wp-json\/wp\/v2\/categories?post=33031"},{"taxonomy":"post_tag","embeddable":true,"href":"https:\/\/www.sincomam.org.br\/index.php\/wp-json\/wp\/v2\/tags?post=33031"}],"curies":[{"name":"wp","href":"https:\/\/api.w.org\/{rel}","templated":true}]}}