{"id":33020,"date":"2020-12-16T10:44:40","date_gmt":"2020-12-16T13:44:40","guid":{"rendered":"http:\/\/www.sincomam.org.br\/?p=33020"},"modified":"2020-12-16T10:44:40","modified_gmt":"2020-12-16T13:44:40","slug":"governo-apresenta-plano-de-vacinacao-contra-covid-19","status":"publish","type":"post","link":"https:\/\/www.sincomam.org.br\/index.php\/governo-apresenta-plano-de-vacinacao-contra-covid-19\/","title":{"rendered":"Governo apresenta plano de vacina\u00e7\u00e3o contra covid-19"},"content":{"rendered":"<p><strong><em>Boletim divulgado nesta segunda-feira (15) pelo Minist\u00e9rio da Sa\u00fade mostra que foram registradas 42.889 novas infec\u00e7\u00f5es por covid-19 e 964 mortes pela doen\u00e7a em todo o pa\u00eds<\/em><\/strong><\/p>\n<p>O Governo Federal apresenta, neste momento, o Plano Nacional de Operacionaliza\u00e7\u00e3o da Vacina contra a Covid-19, em cerim\u00f4nia no Pal\u00e1cio do Planalto, em Bras\u00edlia. O plano prev\u00ea quatro grupos priorit\u00e1rios que somam 50 milh\u00f5es de pessoas, que receber\u00e3o duas doses em um intervalo de 14 dias entre a primeira e a segunda inje\u00e7\u00e3o. Ser\u00e3o necess\u00e1rias 108,3 milh\u00f5es de doses de vacina, j\u00e1 incluindo 5% de perdas.<\/p>\n<p>A prioridade ser\u00e1 para trabalhadores da sa\u00fade, idosos, pessoas com doen\u00e7as cr\u00f4nicas (hipertens\u00e3o de dif\u00edcil controle, diabetes mellitus, doen\u00e7a pulmonar obstrutiva cr\u00f4nica, doen\u00e7a renal, entre outras), professores, for\u00e7as de seguran\u00e7a e salvamento e funcion\u00e1rios do sistema prisional.<\/p>\n<p>Segundo o plano, o governo federal j\u00e1 garantiu 300 milh\u00f5es de doses de vacinas contra a covid-19 por meio de acordos. At\u00e9 agora, nenhum imunizante est\u00e1 registrado e licenciado pela Ag\u00eancia Nacional de Vigil\u00e2ncia Sanit\u00e1ria (Anvisa), etapa pr\u00e9via obrigat\u00f3ria para que a vacina\u00e7\u00e3o possa ser realizada.<\/p>\n<p>Fonte: Ag\u00eancia Brasil<\/p>\n","protected":false},"excerpt":{"rendered":"<p>Boletim divulgado nesta segunda-feira (15) pelo Minist\u00e9rio da Sa\u00fade mostra que foram registradas 42.889 novas infec\u00e7\u00f5es por covid-19 e 964 mortes pela doen\u00e7a em todo&#8230;<\/p>\n","protected":false},"author":1182,"featured_media":5020,"comment_status":"closed","ping_status":"closed","sticky":false,"template":"","format":"standard","meta":{"footnotes":""},"categories":[6],"tags":[2752,2751,192,1460,2766,674],"class_list":["post-33020","post","type-post","status-publish","format-standard","has-post-thumbnail","hentry","category-noticias","tag-coronavirus","tag-covid-19","tag-governo","tag-infectados","tag-plano","tag-vacina"],"_links":{"self":[{"href":"https:\/\/www.sincomam.org.br\/index.php\/wp-json\/wp\/v2\/posts\/33020","targetHints":{"allow":["GET"]}}],"collection":[{"href":"https:\/\/www.sincomam.org.br\/index.php\/wp-json\/wp\/v2\/posts"}],"about":[{"href":"https:\/\/www.sincomam.org.br\/index.php\/wp-json\/wp\/v2\/types\/post"}],"author":[{"embeddable":true,"href":"https:\/\/www.sincomam.org.br\/index.php\/wp-json\/wp\/v2\/users\/1182"}],"replies":[{"embeddable":true,"href":"https:\/\/www.sincomam.org.br\/index.php\/wp-json\/wp\/v2\/comments?post=33020"}],"version-history":[{"count":1,"href":"https:\/\/www.sincomam.org.br\/index.php\/wp-json\/wp\/v2\/posts\/33020\/revisions"}],"predecessor-version":[{"id":33021,"href":"https:\/\/www.sincomam.org.br\/index.php\/wp-json\/wp\/v2\/posts\/33020\/revisions\/33021"}],"wp:featuredmedia":[{"embeddable":true,"href":"https:\/\/www.sincomam.org.br\/index.php\/wp-json\/wp\/v2\/media\/5020"}],"wp:attachment":[{"href":"https:\/\/www.sincomam.org.br\/index.php\/wp-json\/wp\/v2\/media?parent=33020"}],"wp:term":[{"taxonomy":"category","embeddable":true,"href":"https:\/\/www.sincomam.org.br\/index.php\/wp-json\/wp\/v2\/categories?post=33020"},{"taxonomy":"post_tag","embeddable":true,"href":"https:\/\/www.sincomam.org.br\/index.php\/wp-json\/wp\/v2\/tags?post=33020"}],"curies":[{"name":"wp","href":"https:\/\/api.w.org\/{rel}","templated":true}]}}