{"id":33009,"date":"2020-12-15T10:42:06","date_gmt":"2020-12-15T13:42:06","guid":{"rendered":"http:\/\/www.sincomam.org.br\/?p=33009"},"modified":"2020-12-15T10:53:48","modified_gmt":"2020-12-15T13:53:48","slug":"setor-portuario-movimentara-mais-de-r-30-bi-em-investimentos-ate-2022-diz-ministro-da-infraestrutura","status":"publish","type":"post","link":"https:\/\/www.sincomam.org.br\/index.php\/setor-portuario-movimentara-mais-de-r-30-bi-em-investimentos-ate-2022-diz-ministro-da-infraestrutura\/","title":{"rendered":"\u201cSetor portu\u00e1rio movimentar\u00e1 mais de R$ 30 bi em investimentos at\u00e9 2022\u201d, diz Ministro da Infraestrutura"},"content":{"rendered":"<p><b><i>Tarc\u00edsio Freitas <em>apresentou o balan\u00e7o das obras de 2020 e os planos para 2021, durante o evento Brasil Export 2020<\/em><\/i><\/b><\/p>\n<p>O ministro da Infraestrutura, Tarc\u00edsio de Freitas, participou do encerramento do F\u00f3rum Nacional de Log\u00edstica e Infraestrutura Portu\u00e1ria \u2013 Brasil Export, realizado em Bras\u00edlia. Na ocasi\u00e3o, o ministro destacou os avan\u00e7os do setor portu\u00e1rio no Brasil, que subiu 13 posi\u00e7\u00f5es no ranking de modais do F\u00f3rum Econ\u00f4mico Mundial. Durante o evento, foram anunciados os vencedores do pr\u00eamio \u201cPortos + Brasil\u201d.<\/p>\n<p><em>\u201cApesar do ano dif\u00edcil, o setor de Portos mostrou uma resili\u00eancia impressionante em 2020. Galgamos posi\u00e7\u00f5es importantes no ranking de efici\u00eancia mundial do segmento e registramos movimenta\u00e7\u00f5es recordes nos portos brasileiros. Hoje, celebramos, aqui, a meritocracia\u201d, declarou Tarc\u00edsio.<\/em><\/p>\n<p>Em seu discurso, o Ministro destacou que o setor ir\u00e1 movimentar cerca de R$ 30 bilh\u00f5es em investimentos at\u00e9 2022 com a realiza\u00e7\u00e3o de mais de 30 leil\u00f5es e 68 contratos de ades\u00e3o para terminais portu\u00e1rios. Tarc\u00edsio tamb\u00e9m registrou que o projeto BR do Mar, aprovado na C\u00e2mara dos Deputados, ser\u00e1 um bra\u00e7o auxiliar na atra\u00e7\u00e3o de investimentos privados para o setor de cabotagem, favorecendo a concorr\u00eancia e produtividade no segmento.<\/p>\n<p><strong>Premia\u00e7\u00e3o<\/strong><\/p>\n<p>Pela primeira vez, os portos p\u00fablicos brasileiros com os melhores \u00edndices de desempenho em suas gest\u00f5es foram premiados pelo Governo Federal com o \u201cPortos + Brasil\u201d, criado pelo MInfra. Esta primeira edi\u00e7\u00e3o avaliou os melhores portos do pa\u00eds, com base no \u00cdndice de Gest\u00e3o das Autoridades Portu\u00e1rias (IGAP).<\/p>\n<p><strong>2021<\/strong><\/p>\n<p>No setor portu\u00e1rio, o MInfra prepara o arrendamento de mais duas \u00e1reas importantes do Porto de Santos: os terminais STS08 e STS08A. Voltadas ao armazenamento de gran\u00e9is l\u00edquidos (combust\u00edveis), as \u00e1reas devem somar investimentos de cerca de R$ 1,2 bilh\u00e3o \u2013 a maior licita\u00e7\u00e3o portu\u00e1ria dos \u00faltimos 15 anos. Com leil\u00e3o previsto para o 1\u00ba trimestre de 2021, o vencedor administrar\u00e1 os terminais pelo per\u00edodo de 25 anos. Tamb\u00e9m est\u00e1 prevista a desestatiza\u00e7\u00e3o da Companhia Docas do Espirito Santo (Codesa), a primeira a ser realizada no pa\u00eds.<\/p>\n<p><strong>17 Arrendamentos portu\u00e1rios e 1 desestatiza\u00e7\u00e3o<\/strong><\/p>\n<ul>\n<li>4 terminais no Porto de Itaqui\/MA (IQI03, IQI11, IQI12,IQI13);<\/li>\n<li>1 terminal no Porto de Santana\/AP (MCP02);<\/li>\n<li>1 terminal no Porto do Mucuripe\/CE (MUC01);<\/li>\n<li>3 terminais no Porto de Macei\u00f3\/AL (MAC11, MAC12 e MAC13);<\/li>\n<li>2 terminais no Porto de Santos\/SP (STS08 e STS08A);<\/li>\n<li>1 terminal no Porto de Areia Branca\/RN (TERSAB);<\/li>\n<li>2 terminais no Porto de Vila do Conde\/PA (VDC10 e VDC10A);<\/li>\n<li>2 terminais no Porto de Paranagu\u00e1\/PR (PAR32 e PAR50);<\/li>\n<li>1 desestatiza\u00e7\u00e3o: CODESA\/ES.<\/li>\n<\/ul>\n<p>As informa\u00e7\u00f5es s\u00e3o do Minist\u00e9rio da Infraestrutura<\/p>\n","protected":false},"excerpt":{"rendered":"<p>Tarc\u00edsio Freitas apresentou o balan\u00e7o das obras de 2020 e os planos para 2021, durante o evento Brasil Export 2020 O ministro da Infraestrutura, Tarc\u00edsio&#8230;<\/p>\n","protected":false},"author":1182,"featured_media":33010,"comment_status":"closed","ping_status":"closed","sticky":false,"template":"","format":"standard","meta":{"footnotes":""},"categories":[6],"tags":[66,4176,1026,1547],"class_list":["post-33009","post","type-post","status-publish","format-standard","has-post-thumbnail","hentry","category-noticias","tag-investimentos","tag-ministro-da-infraestrutua","tag-portuario","tag-setor"],"_links":{"self":[{"href":"https:\/\/www.sincomam.org.br\/index.php\/wp-json\/wp\/v2\/posts\/33009","targetHints":{"allow":["GET"]}}],"collection":[{"href":"https:\/\/www.sincomam.org.br\/index.php\/wp-json\/wp\/v2\/posts"}],"about":[{"href":"https:\/\/www.sincomam.org.br\/index.php\/wp-json\/wp\/v2\/types\/post"}],"author":[{"embeddable":true,"href":"https:\/\/www.sincomam.org.br\/index.php\/wp-json\/wp\/v2\/users\/1182"}],"replies":[{"embeddable":true,"href":"https:\/\/www.sincomam.org.br\/index.php\/wp-json\/wp\/v2\/comments?post=33009"}],"version-history":[{"count":4,"href":"https:\/\/www.sincomam.org.br\/index.php\/wp-json\/wp\/v2\/posts\/33009\/revisions"}],"predecessor-version":[{"id":33015,"href":"https:\/\/www.sincomam.org.br\/index.php\/wp-json\/wp\/v2\/posts\/33009\/revisions\/33015"}],"wp:featuredmedia":[{"embeddable":true,"href":"https:\/\/www.sincomam.org.br\/index.php\/wp-json\/wp\/v2\/media\/33010"}],"wp:attachment":[{"href":"https:\/\/www.sincomam.org.br\/index.php\/wp-json\/wp\/v2\/media?parent=33009"}],"wp:term":[{"taxonomy":"category","embeddable":true,"href":"https:\/\/www.sincomam.org.br\/index.php\/wp-json\/wp\/v2\/categories?post=33009"},{"taxonomy":"post_tag","embeddable":true,"href":"https:\/\/www.sincomam.org.br\/index.php\/wp-json\/wp\/v2\/tags?post=33009"}],"curies":[{"name":"wp","href":"https:\/\/api.w.org\/{rel}","templated":true}]}}