{"id":33002,"date":"2020-12-15T08:13:01","date_gmt":"2020-12-15T11:13:01","guid":{"rendered":"http:\/\/www.sincomam.org.br\/?p=33002"},"modified":"2020-12-15T01:00:25","modified_gmt":"2020-12-15T04:00:25","slug":"inscritos-no-bolsa-familia-ganham-prazo-para-contestar-auxilio-negado","status":"publish","type":"post","link":"https:\/\/www.sincomam.org.br\/index.php\/inscritos-no-bolsa-familia-ganham-prazo-para-contestar-auxilio-negado\/","title":{"rendered":"Inscritos no Bolsa Fam\u00edlia ganham prazo para contestar aux\u00edlio negado"},"content":{"rendered":"<p><strong><em>Pedidos devem ser feitos no site da Dataprev a partir de domingo<\/em><\/strong><\/p>\n<p>Os benefici\u00e1rios do Bolsa Fam\u00edlia que tiveram o aux\u00edlio emergencial extens\u00e3o de R$ 300 (R$ 600 para m\u00e3es solteiras) cancelado, bloqueado ou negado ganharam um prazo para requererem o benef\u00edcio, informou nesta segunda-feiera (14) o Minist\u00e9rio da Cidadania. A partir de domingo (20) at\u00e9 29 de dezembro, a revis\u00e3o do benef\u00edcio deve ser pedida no site da Dataprev, estatal que processa os requerimentos do aux\u00edlio emergencial.<\/p>\n<p>O processo ser\u00e1 inteiramente virtual, dispensando a necessidade de ir a uma ag\u00eancia da Caixa Econ\u00f4mica Federal ou a um posto de atendimento do Cadastro \u00danico de Programas Sociais do Governo Federal (Cad\u00danico).<\/p>\n<p>Segundo o Minist\u00e9rio da Cidadania, a pasta promove mensalmente um pente-fino entre os benefici\u00e1rios do aux\u00edlio emergencial para verificar se eles atendem a todos os requisitos definidos pela lei que criou o benef\u00edcio. Quem n\u00e3o se enquadra em um dos crit\u00e9rios \u00e9 exclu\u00eddo da lista de benefici\u00e1rios, mesmo tendo recebido alguma parcela.<\/p>\n<p>De acordo com a pasta, a verifica\u00e7\u00e3o \u00e9 necess\u00e1ria para garantir que o p\u00fablico-alvo do aux\u00edlio emergencial seja atendido e impedir que pessoas que n\u00e3o precisam do benef\u00edcio recebam a ajuda. Entre as principais situa\u00e7\u00f5es verificadas, est\u00e3o morte, descoberta de irregularidades ou obten\u00e7\u00e3o de emprego formal durante a concess\u00e3o do aux\u00edlio.<\/p>\n<p><strong>Contesta\u00e7\u00f5es<\/strong><\/p>\n<p>Na \u00faltima quarta-feira (9), foram reabertos os prazos de contesta\u00e7\u00e3o para os trabalhadores informais e inscritos no Cad\u00danico que tiveram o aux\u00edlio emergencial extens\u00e3o bloqueado, cancelado ou indeferido. O prazo acaba nesta sexta-feira (18).<\/p>\n<p>O Minist\u00e9rio da Cidadania tamb\u00e9m reabriu o prazo para quem teve o aux\u00edlio cancelado por ind\u00edcios de irregularidade verificados pelo Tribunal de Contas da Uni\u00e3o (TCU) ou pela Controladoria-Geral da Uni\u00e3o (CGU). Os requerimentos podem ser feitos at\u00e9 o dia 20.<\/p>\n<p>A pasta tamb\u00e9m abriu prazo para a contesta\u00e7\u00e3o de quem teve a extens\u00e3o do aux\u00edlio emergencial indeferido por n\u00e3o atender aos novos crit\u00e9rios de concess\u00e3o. Os pedidos poder\u00e3o ser feitos a partir de quinta-feira (17) at\u00e9 o dia 26. Ao prorrogar o aux\u00edlio emergencial por tr\u00eas meses com metade do valor do benef\u00edcio, o governo endureceu alguns crit\u00e9rios, como a utiliza\u00e7\u00e3o de dados fiscais de 2019, em vez de 2018.<\/p>\n","protected":false},"excerpt":{"rendered":"<p>Pedidos devem ser feitos no site da Dataprev a partir de domingo Os benefici\u00e1rios do Bolsa Fam\u00edlia que tiveram o aux\u00edlio emergencial extens\u00e3o de R$&#8230;<\/p>\n","protected":false},"author":1182,"featured_media":30136,"comment_status":"closed","ping_status":"closed","sticky":false,"template":"","format":"standard","meta":{"footnotes":""},"categories":[6],"tags":[1757,1807,61,4174,3601,1672,1610,4175,47,3163,377,852],"class_list":["post-33002","post","type-post","status-publish","format-standard","has-post-thumbnail","hentry","category-noticias","tag-auxilio","tag-bolsa","tag-brasil","tag-conexao","tag-contestacao","tag-europa","tag-familia","tag-inscritos","tag-navio","tag-negado","tag-operacao","tag-prazo"],"_links":{"self":[{"href":"https:\/\/www.sincomam.org.br\/index.php\/wp-json\/wp\/v2\/posts\/33002","targetHints":{"allow":["GET"]}}],"collection":[{"href":"https:\/\/www.sincomam.org.br\/index.php\/wp-json\/wp\/v2\/posts"}],"about":[{"href":"https:\/\/www.sincomam.org.br\/index.php\/wp-json\/wp\/v2\/types\/post"}],"author":[{"embeddable":true,"href":"https:\/\/www.sincomam.org.br\/index.php\/wp-json\/wp\/v2\/users\/1182"}],"replies":[{"embeddable":true,"href":"https:\/\/www.sincomam.org.br\/index.php\/wp-json\/wp\/v2\/comments?post=33002"}],"version-history":[{"count":1,"href":"https:\/\/www.sincomam.org.br\/index.php\/wp-json\/wp\/v2\/posts\/33002\/revisions"}],"predecessor-version":[{"id":33003,"href":"https:\/\/www.sincomam.org.br\/index.php\/wp-json\/wp\/v2\/posts\/33002\/revisions\/33003"}],"wp:featuredmedia":[{"embeddable":true,"href":"https:\/\/www.sincomam.org.br\/index.php\/wp-json\/wp\/v2\/media\/30136"}],"wp:attachment":[{"href":"https:\/\/www.sincomam.org.br\/index.php\/wp-json\/wp\/v2\/media?parent=33002"}],"wp:term":[{"taxonomy":"category","embeddable":true,"href":"https:\/\/www.sincomam.org.br\/index.php\/wp-json\/wp\/v2\/categories?post=33002"},{"taxonomy":"post_tag","embeddable":true,"href":"https:\/\/www.sincomam.org.br\/index.php\/wp-json\/wp\/v2\/tags?post=33002"}],"curies":[{"name":"wp","href":"https:\/\/api.w.org\/{rel}","templated":true}]}}