{"id":32985,"date":"2020-12-14T08:16:03","date_gmt":"2020-12-14T11:16:03","guid":{"rendered":"http:\/\/www.sincomam.org.br\/?p=32985"},"modified":"2020-12-14T08:16:03","modified_gmt":"2020-12-14T11:16:03","slug":"uss-vermont-participa-de-exercicios-com-o-submarino-tupi","status":"publish","type":"post","link":"https:\/\/www.sincomam.org.br\/index.php\/uss-vermont-participa-de-exercicios-com-o-submarino-tupi\/","title":{"rendered":"USS \u201cVermont\u201d participa de exerc\u00edcios com o Submarino \u201cTupi\u201d"},"content":{"rendered":"<p><strong><em>Atraca\u00e7\u00e3o do USS \u201cVermont\u201d foi realizada na Base de Submarinos da Ilha da Madeira, em Itagua\u00ed (RJ)<\/em><\/strong><\/p>\n<p>As comemora\u00e7\u00f5es do Dia do Marinheiro, realizadas no dia 11 de dezembro, contaram com a presen\u00e7a do USS \u201cVermont\u201d, da Marinha dos EUA. Como usualmente ocorre quando Marinhas se encontram no mar, o Submarino \u201cTupi\u201d realizou opera\u00e7\u00f5es conjuntas com o submarino norte-americano nos dias que antecederam sua chegada \u00e0 Base de Submarinos da Ilha da Madeira, em Itagua\u00ed (RJ), onde atracou na manh\u00e3 do dia 10 de dezembro.<\/p>\n<p>De forma a promover o entrosamento entre as tripula\u00e7\u00f5es dos submarinos, ambos cumpriram quarentena no mar, em observ\u00e2ncia aos protocolos sanit\u00e1rios de preven\u00e7\u00e3o \u00e0 dissemina\u00e7\u00e3o da Covid-19.<\/p>\n<p><strong>Presidente da Rep\u00fablica visita USS \u201cVermont\u201d<\/strong><\/p>\n<p>Ap\u00f3s a cerim\u00f4nia em celebra\u00e7\u00e3o ao Dia do Marinheiro, realizada hoje (11), o Presidente da Rep\u00fablica, Jair Bolsonaro, Ministros de Estado e demais autoridades conheceram, por convite da Marinha dos EUA, o USS \u201cVermont\u201d, atracado desde 10 de dezembro, em visita oficial ao Brasil. O Presidente foi recebido pelo Embaixador dos EUA no Brasil, Todd Chapman, e pelo Comandante da For\u00e7a de Submarinos dos EUA, Vice-Almirante Daryl Caudle.<\/p>\n<p>Na ocasi\u00e3o, a comitiva visitou tamb\u00e9m, pela primeira vez, a Base de Submarinos da Ilha da Madeira.<\/p>\n<p>Fonte: Marinha do Brasil<\/p>\n","protected":false},"excerpt":{"rendered":"<p>Atraca\u00e7\u00e3o do USS \u201cVermont\u201d foi realizada na Base de Submarinos da Ilha da Madeira, em Itagua\u00ed (RJ) As comemora\u00e7\u00f5es do Dia do Marinheiro, realizadas no&#8230;<\/p>\n","protected":false},"author":1182,"featured_media":32986,"comment_status":"closed","ping_status":"closed","sticky":false,"template":"","format":"standard","meta":{"footnotes":""},"categories":[6],"tags":[61,266,4170,430,4169],"class_list":["post-32985","post","type-post","status-publish","format-standard","has-post-thumbnail","hentry","category-noticias","tag-brasil","tag-eua","tag-ilha-da-madeira-itaguai","tag-submarino","tag-vermont"],"_links":{"self":[{"href":"https:\/\/www.sincomam.org.br\/index.php\/wp-json\/wp\/v2\/posts\/32985","targetHints":{"allow":["GET"]}}],"collection":[{"href":"https:\/\/www.sincomam.org.br\/index.php\/wp-json\/wp\/v2\/posts"}],"about":[{"href":"https:\/\/www.sincomam.org.br\/index.php\/wp-json\/wp\/v2\/types\/post"}],"author":[{"embeddable":true,"href":"https:\/\/www.sincomam.org.br\/index.php\/wp-json\/wp\/v2\/users\/1182"}],"replies":[{"embeddable":true,"href":"https:\/\/www.sincomam.org.br\/index.php\/wp-json\/wp\/v2\/comments?post=32985"}],"version-history":[{"count":1,"href":"https:\/\/www.sincomam.org.br\/index.php\/wp-json\/wp\/v2\/posts\/32985\/revisions"}],"predecessor-version":[{"id":32987,"href":"https:\/\/www.sincomam.org.br\/index.php\/wp-json\/wp\/v2\/posts\/32985\/revisions\/32987"}],"wp:featuredmedia":[{"embeddable":true,"href":"https:\/\/www.sincomam.org.br\/index.php\/wp-json\/wp\/v2\/media\/32986"}],"wp:attachment":[{"href":"https:\/\/www.sincomam.org.br\/index.php\/wp-json\/wp\/v2\/media?parent=32985"}],"wp:term":[{"taxonomy":"category","embeddable":true,"href":"https:\/\/www.sincomam.org.br\/index.php\/wp-json\/wp\/v2\/categories?post=32985"},{"taxonomy":"post_tag","embeddable":true,"href":"https:\/\/www.sincomam.org.br\/index.php\/wp-json\/wp\/v2\/tags?post=32985"}],"curies":[{"name":"wp","href":"https:\/\/api.w.org\/{rel}","templated":true}]}}