{"id":32969,"date":"2020-12-11T11:38:22","date_gmt":"2020-12-11T14:38:22","guid":{"rendered":"http:\/\/www.sincomam.org.br\/?p=32969"},"modified":"2020-12-11T20:46:09","modified_gmt":"2020-12-11T23:46:09","slug":"marinha-do-brasil-lanca-ao-mar-submarino-humaita","status":"publish","type":"post","link":"https:\/\/www.sincomam.org.br\/index.php\/marinha-do-brasil-lanca-ao-mar-submarino-humaita\/","title":{"rendered":"Marinha do Brasil lan\u00e7a ao mar submarino Humait\u00e1"},"content":{"rendered":"<p>Nesta sexta-feira (11), a Marinha do Brasil celebrou, simultaneamente, a integrac\u0327a\u0303o do Submarino \u201cTonelero\u201d e o lanc\u0327amento ao mar do Submarino \u201cHumaita\u0301\u201d no Complexo Naval de Itaguai\u0301, no Rio de Janeiro. <span class=\"css-901oao css-16my406 r-1qd0xha r-ad9z0x r-bcqeeo r-qvutc0\">A imagem desta mat\u00e9ria, divulgada pela Marinha no facebook, mostra a embarca\u00e7\u00e3o na plataforma do elevador de navios do complexo. O Humait\u00e1 \u00e9 o segundo do PROSUB, que foi batizado durante a cerim\u00f4nia. <\/span><span class=\"css-901oao css-16my406 r-1qd0xha r-ad9z0x r-bcqeeo r-qvutc0\">A Marinha do Brasil informou que, o Submarino nuclear USS Vermont, tamb\u00e9m esteve<\/span><span class=\"css-901oao css-16my406 r-1qd0xha r-ad9z0x r-bcqeeo r-qvutc0\"> atracado para a celebra\u00e7\u00e3o na Base de Submarinos da Ilha da Madeira.\u00a0<\/span><\/p>\n<p>O PROSUB tem como objetivo a produ\u00e7\u00e3o de quatro submarinos convencionais e a fabrica\u00e7\u00e3o do primeiro submarino brasileiro com propuls\u00e3o nuclear. Lan\u00e7ado em 2008, o programa contempla, al\u00e9m dos submarinos, a constru\u00e7\u00e3o de um complexo de infraestrutura industrial e de apoio \u00e0 opera\u00e7\u00e3o dos submarinos, que engloba os Estaleiros, a Base Naval e a Unidade de Fabrica\u00e7\u00e3o de Estruturas Met\u00e1licas (UFEM) no munic\u00edpio de Itagua\u00ed &#8211; RJ.<\/p>\n<p>De acordo com o cronograma do Programa, o lan\u00e7amento ao mar do \u201cTonelero\u201d ser\u00e1 no terceiro trimestre de 2021 e do \u201cAngostura\u201d em dezembro de 2022. O \u201c\u00c1lvaro Alberto\u201d, primeiro submarino convencional com propuls\u00e3o nuclear brasileiro (SN-BR), tem seu lan\u00e7amento ao mar previsto para 2029. O SN-BR, assim como a incorpora\u00e7\u00e3o dos quatro submarinos classe \u201cRiachuelo\u201d, elevar\u00e3o substancialmente a capacidade de resposta eficiente do Poder Naval frente ao enorme desafio de controle e prote\u00e7\u00e3o da \u201cAmaz\u00f4nia Azul\u201d.<\/p>\n<p>Acompanhe a transmiss\u00e3o ao vivo pelo canal da Marinha no <em>YouTube<\/em>: <a class=\"oajrlxb2 g5ia77u1 qu0x051f esr5mh6w e9989ue4 r7d6kgcz rq0escxv nhd2j8a9 nc684nl6 p7hjln8o kvgmc6g5 cxmmr5t8 oygrvhab hcukyx3x jb3vyjys rz4wbd8a qt6c0cv9 a8nywdso i1ao9s8h esuyzwwr f1sip0of lzcic4wl py34i1dx gpro0wi8\" tabindex=\"0\" role=\"link\" href=\"https:\/\/youtu.be\/g7bL2JzBmF8?fbclid=IwAR0v8fkVxA10fJjtGlcXP8GfcIswhNb4AxfVd4VjwUb6RcSke-7G6uf8quc\" target=\"_blank\" rel=\"nofollow noopener noreferrer\">https:\/\/youtu.be\/g7bL2JzBmF8<\/a><\/p>\n<p>Veja tamb\u00e9m: <a href=\"https:\/\/www.sincomam.org.br\/index.php\/noticias-em-videos\/\" target=\"_blank\" rel=\"noopener noreferrer\"><strong>PROSUB 2020, o marco da hist\u00f3ria do Brasil<\/strong><\/a><\/p>\n","protected":false},"excerpt":{"rendered":"<p>Nesta sexta-feira (11), a Marinha do Brasil celebrou, simultaneamente, a integrac\u0327a\u0303o do Submarino \u201cTonelero\u201d e o lanc\u0327amento ao mar do Submarino \u201cHumaita\u0301\u201d no Complexo Naval&#8230;<\/p>\n","protected":false},"author":1182,"featured_media":32970,"comment_status":"closed","ping_status":"closed","sticky":false,"template":"","format":"standard","meta":{"footnotes":""},"categories":[6],"tags":[129,4164,4167,182,3120,51,1013,67,4165,430,3295,4166],"class_list":["post-32969","post","type-post","status-publish","format-standard","has-post-thumbnail","hentry","category-noticias","tag-complexo","tag-humaita","tag-ilha-da-madeira","tag-industria-naval","tag-itaguai","tag-lancamento","tag-marinha-do-brasil","tag-naval","tag-prosub2020","tag-submarino","tag-tonelero","tag-uss-vermont"],"_links":{"self":[{"href":"https:\/\/www.sincomam.org.br\/index.php\/wp-json\/wp\/v2\/posts\/32969","targetHints":{"allow":["GET"]}}],"collection":[{"href":"https:\/\/www.sincomam.org.br\/index.php\/wp-json\/wp\/v2\/posts"}],"about":[{"href":"https:\/\/www.sincomam.org.br\/index.php\/wp-json\/wp\/v2\/types\/post"}],"author":[{"embeddable":true,"href":"https:\/\/www.sincomam.org.br\/index.php\/wp-json\/wp\/v2\/users\/1182"}],"replies":[{"embeddable":true,"href":"https:\/\/www.sincomam.org.br\/index.php\/wp-json\/wp\/v2\/comments?post=32969"}],"version-history":[{"count":7,"href":"https:\/\/www.sincomam.org.br\/index.php\/wp-json\/wp\/v2\/posts\/32969\/revisions"}],"predecessor-version":[{"id":32980,"href":"https:\/\/www.sincomam.org.br\/index.php\/wp-json\/wp\/v2\/posts\/32969\/revisions\/32980"}],"wp:featuredmedia":[{"embeddable":true,"href":"https:\/\/www.sincomam.org.br\/index.php\/wp-json\/wp\/v2\/media\/32970"}],"wp:attachment":[{"href":"https:\/\/www.sincomam.org.br\/index.php\/wp-json\/wp\/v2\/media?parent=32969"}],"wp:term":[{"taxonomy":"category","embeddable":true,"href":"https:\/\/www.sincomam.org.br\/index.php\/wp-json\/wp\/v2\/categories?post=32969"},{"taxonomy":"post_tag","embeddable":true,"href":"https:\/\/www.sincomam.org.br\/index.php\/wp-json\/wp\/v2\/tags?post=32969"}],"curies":[{"name":"wp","href":"https:\/\/api.w.org\/{rel}","templated":true}]}}