{"id":32960,"date":"2020-12-11T11:00:30","date_gmt":"2020-12-11T14:00:30","guid":{"rendered":"http:\/\/www.sincomam.org.br\/?p=32960"},"modified":"2020-12-11T11:00:30","modified_gmt":"2020-12-11T14:00:30","slug":"covid-19-brasil-tem-1797-mil-mortes-e-678-milhoes-casos-acumulados","status":"publish","type":"post","link":"https:\/\/www.sincomam.org.br\/index.php\/covid-19-brasil-tem-1797-mil-mortes-e-678-milhoes-casos-acumulados\/","title":{"rendered":"Covid-19: Brasil tem 179,7 mil mortes e 6,78 milh\u00f5es casos acumulados"},"content":{"rendered":"<p><em><strong>At\u00e9 o momento, 5.931.777 pessoas j\u00e1 se recuperaram da doen\u00e7a<\/strong><\/em><\/p>\n<p>As mortes por conta da pandemia do novo coronav\u00edrus chegaram a 179.765. Nas \u00faltimas 24 horas, foram registrados 770\u00a0\u00f3bitos por covid-19.\u00a0Ontem (9), o sistema de dados do Minist\u00e9rio da Sa\u00fade trazia 178.995 mortes. Ainda h\u00e1 2.313 falecimentos em investiga\u00e7\u00e3o.<img decoding=\"async\" src=\"https:\/\/agenciabrasil.ebc.com.br\/ebc.png?id=1396126&amp;o=node\" \/><img decoding=\"async\" src=\"https:\/\/agenciabrasil.ebc.com.br\/ebc.gif?id=1396126&amp;o=node\" \/><\/p>\n<p>J\u00e1 a quantidade de pessoas que se infectaram desde o in\u00edcio da pandemia chegou a 6.781.799. Entre\u00a0ontem\u00a0e\u00a0hoje (10), as autoridades de sa\u00fade notificaram 53.347 novos diagn\u00f3sticos positivos de covid-19. Foi o segundo\u00a0dia seguido com mais de 50.000 novos casos por dia, retomando o ritmo de contamina\u00e7\u00e3o\u00a0de julho\u00a0e agosto.\u00a0Ontem, o painel do Minist\u00e9rio da Sa\u00fade\u00a0trazia 6.728.452 casos acumulados.<\/p>\n<p>Os dados foram apresentados em entrevista coletiva do Minist\u00e9rio da Sa\u00fade concedida no in\u00edcio da noite desta quinta-feira. As informa\u00e7\u00f5es s\u00e3o oriundas das secretarias de sa\u00fade de todo o pa\u00eds. Ainda conforme a atualiza\u00e7\u00e3o do \u00f3rg\u00e3o, h\u00e1 670.257 pacientes em acompanhamento. Outras 5.931.777 pessoas j\u00e1 se recuperaram da doen\u00e7a.<\/p>\n<p><strong>Covid-19 nos Estados<\/strong><\/p>\n<p>A lista dos estados com mais mortes pela covid-19 \u00e9 encabe\u00e7ada por S\u00e3o Paulo (43.661), Rio\u00a0de Janeiro\u00a0(23.546), Minas Gerais (10.499), Cear\u00e1 (9.768) e Pernambuco (9.229). As Unidades da Federa\u00e7\u00e3o com menos \u00f3bitos pela doen\u00e7a s\u00e3o Acre (744), Roraima (749), Amap\u00e1 (842), Tocantins (1.192) e Rond\u00f4nia (1.628).<\/p>\n<div id=\"attachment_32961\" style=\"width: 764px\" class=\"wp-caption alignleft\"><a href=\"https:\/\/www.sincomam.org.br\/wp-content\/uploads\/2020\/12\/boletim-minsiterio-11-12-20.jpeg\" target=\"_blank\" rel=\"noopener noreferrer\"><img fetchpriority=\"high\" decoding=\"async\" aria-describedby=\"caption-attachment-32961\" class=\"wp-image-32961 size-full\" src=\"https:\/\/www.sincomam.org.br\/wp-content\/uploads\/2020\/12\/boletim-minsiterio-11-12-20.jpeg\" alt=\"\" width=\"754\" height=\"427\" srcset=\"https:\/\/www.sincomam.org.br\/wp-content\/uploads\/2020\/12\/boletim-minsiterio-11-12-20.jpeg 754w, https:\/\/www.sincomam.org.br\/wp-content\/uploads\/2020\/12\/boletim-minsiterio-11-12-20-300x170.jpeg 300w\" sizes=\"(max-width: 754px) 100vw, 754px\" \/><\/a><p id=\"caption-attachment-32961\" class=\"wp-caption-text\">Situa\u00e7\u00e3o epidemiol\u00f3gica da covid-19 no Brasil 10\/12\/2020<\/p><\/div>\n<p>&nbsp;<\/p>\n<p>&nbsp;<\/p>\n<p>&nbsp;<\/p>\n<p>&nbsp;<\/p>\n","protected":false},"excerpt":{"rendered":"<p>At\u00e9 o momento, 5.931.777 pessoas j\u00e1 se recuperaram da doen\u00e7a As mortes por conta da pandemia do novo coronav\u00edrus chegaram a 179.765. Nas \u00faltimas 24&#8230;<\/p>\n","protected":false},"author":1182,"featured_media":30047,"comment_status":"closed","ping_status":"closed","sticky":false,"template":"","format":"standard","meta":{"footnotes":""},"categories":[6],"tags":[61,4163,4162,1460,1005],"class_list":["post-32960","post","type-post","status-publish","format-standard","has-post-thumbnail","hentry","category-noticias","tag-brasil","tag-coronavoirus","tag-covi-19","tag-infectados","tag-mortes"],"_links":{"self":[{"href":"https:\/\/www.sincomam.org.br\/index.php\/wp-json\/wp\/v2\/posts\/32960","targetHints":{"allow":["GET"]}}],"collection":[{"href":"https:\/\/www.sincomam.org.br\/index.php\/wp-json\/wp\/v2\/posts"}],"about":[{"href":"https:\/\/www.sincomam.org.br\/index.php\/wp-json\/wp\/v2\/types\/post"}],"author":[{"embeddable":true,"href":"https:\/\/www.sincomam.org.br\/index.php\/wp-json\/wp\/v2\/users\/1182"}],"replies":[{"embeddable":true,"href":"https:\/\/www.sincomam.org.br\/index.php\/wp-json\/wp\/v2\/comments?post=32960"}],"version-history":[{"count":1,"href":"https:\/\/www.sincomam.org.br\/index.php\/wp-json\/wp\/v2\/posts\/32960\/revisions"}],"predecessor-version":[{"id":32962,"href":"https:\/\/www.sincomam.org.br\/index.php\/wp-json\/wp\/v2\/posts\/32960\/revisions\/32962"}],"wp:featuredmedia":[{"embeddable":true,"href":"https:\/\/www.sincomam.org.br\/index.php\/wp-json\/wp\/v2\/media\/30047"}],"wp:attachment":[{"href":"https:\/\/www.sincomam.org.br\/index.php\/wp-json\/wp\/v2\/media?parent=32960"}],"wp:term":[{"taxonomy":"category","embeddable":true,"href":"https:\/\/www.sincomam.org.br\/index.php\/wp-json\/wp\/v2\/categories?post=32960"},{"taxonomy":"post_tag","embeddable":true,"href":"https:\/\/www.sincomam.org.br\/index.php\/wp-json\/wp\/v2\/tags?post=32960"}],"curies":[{"name":"wp","href":"https:\/\/api.w.org\/{rel}","templated":true}]}}