{"id":32957,"date":"2020-12-11T10:43:17","date_gmt":"2020-12-11T13:43:17","guid":{"rendered":"http:\/\/www.sincomam.org.br\/?p=32957"},"modified":"2020-12-11T10:43:17","modified_gmt":"2020-12-11T13:43:17","slug":"caixa-paga-hoje-auxilio-emergencial-para-nascidos-em-novembro","status":"publish","type":"post","link":"https:\/\/www.sincomam.org.br\/index.php\/caixa-paga-hoje-auxilio-emergencial-para-nascidos-em-novembro\/","title":{"rendered":"Caixa paga hoje aux\u00edlio emergencial para nascidos em novembro"},"content":{"rendered":"<p><em><strong>Benef\u00edcio ser\u00e1 pago a 3,3 milh\u00f5es de pessoas<\/strong><\/em><\/p>\n<p>A Caixa Econ\u00f4mica Federal deposita nesta sexta-feira (11), para 3,3 milh\u00f5es benefici\u00e1rios nascidos em novembro, as parcelas dos aux\u00edlios emergencial e extens\u00e3o. O benef\u00edcio, dispon\u00edvel pelo aplicativo Caixa Tem, pode ser usado para pagar contas de servi\u00e7os essenciais e fazer compras. Para as pessoas que quiserem sacar o valor em dinheiro, o saque s\u00f3 estar\u00e1 dispon\u00edvel em 25 de janeiro de 2021.<img decoding=\"async\" src=\"https:\/\/agenciabrasil.ebc.com.br\/ebc.png?id=1396155&amp;o=node\" \/><img decoding=\"async\" src=\"https:\/\/agenciabrasil.ebc.com.br\/ebc.gif?id=1396155&amp;o=node\" \/><\/p>\n<p>O grupo dos que recebem a parcela hoje est\u00e1 no Ciclo 5 do programa emergencial. S\u00e3o benefici\u00e1rios cadastrados pelo aplicativo da Caixa e inscritos no Cad\u00danico. Eles receberam a primeira parcela de R$ 600 em junho e v\u00e3o receber tanto o aux\u00edlio normal como a primeira parcela do aux\u00edlio extra de R$ 300.<\/p>\n<p>Nesta sexta-feira tamb\u00e9m foi feito o pagamento da nona\u00a0e \u00faltima parcela do aux\u00edlio emergencial a cerca de 1,6 milh\u00e3o de benefici\u00e1rios do programa Bolsa Fam\u00edlia com NIS de final 2.<\/p>\n<p>Fonte: Ag\u00eancia Brasil<\/p>\n","protected":false},"excerpt":{"rendered":"<p>Benef\u00edcio ser\u00e1 pago a 3,3 milh\u00f5es de pessoas A Caixa Econ\u00f4mica Federal deposita nesta sexta-feira (11), para 3,3 milh\u00f5es benefici\u00e1rios nascidos em novembro, as parcelas&#8230;<\/p>\n","protected":false},"author":1182,"featured_media":31515,"comment_status":"closed","ping_status":"closed","sticky":false,"template":"","format":"standard","meta":{"footnotes":""},"categories":[6],"tags":[1757,390,432,3197],"class_list":["post-32957","post","type-post","status-publish","format-standard","has-post-thumbnail","hentry","category-noticias","tag-auxilio","tag-caixa","tag-emergencial","tag-novembro"],"_links":{"self":[{"href":"https:\/\/www.sincomam.org.br\/index.php\/wp-json\/wp\/v2\/posts\/32957","targetHints":{"allow":["GET"]}}],"collection":[{"href":"https:\/\/www.sincomam.org.br\/index.php\/wp-json\/wp\/v2\/posts"}],"about":[{"href":"https:\/\/www.sincomam.org.br\/index.php\/wp-json\/wp\/v2\/types\/post"}],"author":[{"embeddable":true,"href":"https:\/\/www.sincomam.org.br\/index.php\/wp-json\/wp\/v2\/users\/1182"}],"replies":[{"embeddable":true,"href":"https:\/\/www.sincomam.org.br\/index.php\/wp-json\/wp\/v2\/comments?post=32957"}],"version-history":[{"count":1,"href":"https:\/\/www.sincomam.org.br\/index.php\/wp-json\/wp\/v2\/posts\/32957\/revisions"}],"predecessor-version":[{"id":32958,"href":"https:\/\/www.sincomam.org.br\/index.php\/wp-json\/wp\/v2\/posts\/32957\/revisions\/32958"}],"wp:featuredmedia":[{"embeddable":true,"href":"https:\/\/www.sincomam.org.br\/index.php\/wp-json\/wp\/v2\/media\/31515"}],"wp:attachment":[{"href":"https:\/\/www.sincomam.org.br\/index.php\/wp-json\/wp\/v2\/media?parent=32957"}],"wp:term":[{"taxonomy":"category","embeddable":true,"href":"https:\/\/www.sincomam.org.br\/index.php\/wp-json\/wp\/v2\/categories?post=32957"},{"taxonomy":"post_tag","embeddable":true,"href":"https:\/\/www.sincomam.org.br\/index.php\/wp-json\/wp\/v2\/tags?post=32957"}],"curies":[{"name":"wp","href":"https:\/\/api.w.org\/{rel}","templated":true}]}}