{"id":32954,"date":"2020-12-10T08:45:16","date_gmt":"2020-12-10T11:45:16","guid":{"rendered":"http:\/\/www.sincomam.org.br\/?p=32954"},"modified":"2020-12-10T08:45:16","modified_gmt":"2020-12-10T11:45:16","slug":"estado-do-rio-recebera-investimentos-de-r-45-bi-para-a-construcao-de-nova-termeletrica-no-porto-do-acu","status":"publish","type":"post","link":"https:\/\/www.sincomam.org.br\/index.php\/estado-do-rio-recebera-investimentos-de-r-45-bi-para-a-construcao-de-nova-termeletrica-no-porto-do-acu\/","title":{"rendered":"Estado do Rio receber\u00e1 investimentos de R$ 4,5 bi para a constru\u00e7\u00e3o de nova termel\u00e9trica no Porto do A\u00e7u"},"content":{"rendered":"<p><em><strong>Outra frente \u00e9 aumentar a participa\u00e7\u00e3o do estado no agroneg\u00f3cio, com est\u00edmulo \u00e0 ind\u00fastria de fertilizantes<\/strong><\/em><\/p>\n<p>No pr\u00f3ximo ano v\u00e3o ser investidos cerca de R$ 4,5 bilh\u00f5es na constru\u00e7\u00e3o de uma segunda usina termel\u00e9trica \u2014 a GNA II, com 1,7 mil megawatts (MW) de capacidade \u2014 no Porto do A\u00e7u, no Norte fluminense. A informa\u00e7\u00e3o foi dada nesta quarta-feira por Carlos Tadeu Fraga, diretor-presidente da Prumo Log\u00edstica, empresa que administra o Porto do A\u00e7u.<\/p>\n<p>Por causa da pandemia, a entrada em opera\u00e7\u00e3o da GNA I, de 1,3 mil MW, primeira termel\u00e9trica do complexo, teve sua entrada em opera\u00e7\u00e3o adiada para o segundo trimestre de 2021. O projeto das duas termel\u00e9tricas mais um terminal para receber G\u00e1s Natural Liquefeito (GNL), o g\u00e1s na forma l\u00edquida, que entra em opera\u00e7\u00e3o neste fim de ano, representam investimentos totais de R$ 9 bilh\u00f5es da G\u00e1s Natural A\u00e7u (GNA), uma associa\u00e7\u00e3o entre a Prumo Log\u00edstica, a petroleira BP e a Siemens.<\/p>\n<p>\u2014 A ideia inicial era come\u00e7ar as obras da GNA II logo ap\u00f3s a conclus\u00e3o da GNA I, mas a Covid-19 veio e tivemos que parar diversos processos. Queremos iniciar a sua constru\u00e7\u00e3o muito em breve, mas isso vai depender da evolu\u00e7\u00e3o da pandemia na regi\u00e3o, pois estamos olhando com muito cuidado a sa\u00fade dos trabalhadores \u2014 destacou Tadeu Fraga.<\/p>\n<p>As obras ser\u00e3o importantes na gera\u00e7\u00e3o de empregos, principalmente em S\u00e3o Jo\u00e3o da Barra, no norte fluminense. Na constru\u00e7\u00e3o da primeira termel\u00e9trica a GNAI foram gerados 7 mil empregos no pico das obras.<\/p>\n<p>Por sua vez, o presidente da Porto do A\u00e7u Opera\u00e7\u00f5es, Jos\u00e9 Firmo, anunciou os planos do grupo de inserir o Estado do Rio no mercado de fertilizantes, seja com a log\u00edstica de importa\u00e7\u00e3o de insumos, ou tamb\u00e9m visando atrair f\u00e1bricas de fertilizantes.<\/p>\n<p>A primeira opera\u00e7\u00e3o foi realizada recentemente no terminal de MultiCargas do Porto, com a importa\u00e7\u00e3o de 25 mil toneladas de cloreto de pot\u00e1ssio destinadas ao interior de Minas Gerais.<\/p>\n<p>\u2014 T\u00ednhamos que conseguir trazer o agroneg\u00f3cio para o Rio de Janeiro. Fizemos um teste que se mostrou positivo, que foi o de importar fertilizantes pelo Porto do A\u00e7u. Nosso desejo \u00e9 trazer mais competitividade para o agro, come\u00e7amos com essa log\u00edstica, e o grande objetivo \u00e9 a volta do Brasil \u00e0 produ\u00e7\u00e3o de fertilizantes, aproveitando a estrutura log\u00edstica do A\u00e7u, com a oferta de g\u00e1s natural e energia \u2014 destacou Jos\u00e9 Firmo.<\/p>\n<p><strong>&#8216;Hub&#8217; de petr\u00f3leo e g\u00e1s<\/strong><\/p>\n<p>Segundo Firmo, apesar de o foco do Porto do A\u00e7u ser o de opera\u00e7\u00f5es voltadas para a ind\u00fastria petrol\u00edfera, incluindo um projeto para se tornar um hub de petr\u00f3leo e de g\u00e1s natural que vir\u00e3o da produ\u00e7\u00e3o dos campos do pr\u00e9-sal, j\u00e1 existe preocupa\u00e7\u00e3o com sustentabilidade e redu\u00e7\u00e3o das emiss\u00f5es de carbono.<\/p>\n<p>\u2014 A ideia de desenvolver no A\u00e7u uma ind\u00fastria baseada em todos os investimentos futuros de baixo carbono ainda est\u00e1 em constru\u00e7\u00e3o neste momento. Mas, j\u00e1 que podemos produzir insumos com menor quantidade de carbono, no futuro, sim, queremos ter energia renov\u00e1vel no A\u00e7u. J\u00e1 teremos 6 mil MW de energia limpa (do g\u00e1s natural), e h\u00e1 grande potencial para desenvolver uma cadeia de desenvolvimento industrial de baixo carbono \u2014 disse.<\/p>\n<p>O Porto do A\u00e7u \u00e9 operado pela Prumo Log\u00edstica, controlada pela americana EIG Global Energy. O porto come\u00e7ou a operar em 2014 e conta com v\u00e1rios terminais como os de petr\u00f3leo, multicargas e min\u00e9rio, entre outros, al\u00e9m do complexo de g\u00e1s natural.<\/p>\n<p>At\u00e9 o fim deste m\u00eas entra em opera\u00e7\u00e3o o aer\u00f3dromo, para atender voos de helic\u00f3pteros para a Bacia de Campos.<\/p>\n<p>A EIG Global Energy Partners assumiu em 2013 o comando do Porto do A\u00e7u, projeto idealizado pelo ex-milion\u00e1rio Eike Batista. Nos \u00faltimos seis anos desde que assumiu o controle do complexo portu\u00e1rio, a EIG investiu R$ 13 bilh\u00f5es no desenvolvimento de infraestrutura e nos primeiros projetos.<\/p>\n<p>Fonte: O Globo<\/p>\n","protected":false},"excerpt":{"rendered":"<p>Outra frente \u00e9 aumentar a participa\u00e7\u00e3o do estado no agroneg\u00f3cio, com est\u00edmulo \u00e0 ind\u00fastria de fertilizantes No pr\u00f3ximo ano v\u00e3o ser investidos cerca de R$&#8230;<\/p>\n","protected":false},"author":1182,"featured_media":29852,"comment_status":"closed","ping_status":"closed","sticky":false,"template":"","format":"standard","meta":{"footnotes":""},"categories":[6],"tags":[131,132,501,59,4161],"class_list":["post-32954","post","type-post","status-publish","format-standard","has-post-thumbnail","hentry","category-noticias","tag-construcao","tag-investimento","tag-porto-do-acu","tag-rio-de-janeiro","tag-termeletrica"],"_links":{"self":[{"href":"https:\/\/www.sincomam.org.br\/index.php\/wp-json\/wp\/v2\/posts\/32954","targetHints":{"allow":["GET"]}}],"collection":[{"href":"https:\/\/www.sincomam.org.br\/index.php\/wp-json\/wp\/v2\/posts"}],"about":[{"href":"https:\/\/www.sincomam.org.br\/index.php\/wp-json\/wp\/v2\/types\/post"}],"author":[{"embeddable":true,"href":"https:\/\/www.sincomam.org.br\/index.php\/wp-json\/wp\/v2\/users\/1182"}],"replies":[{"embeddable":true,"href":"https:\/\/www.sincomam.org.br\/index.php\/wp-json\/wp\/v2\/comments?post=32954"}],"version-history":[{"count":1,"href":"https:\/\/www.sincomam.org.br\/index.php\/wp-json\/wp\/v2\/posts\/32954\/revisions"}],"predecessor-version":[{"id":32955,"href":"https:\/\/www.sincomam.org.br\/index.php\/wp-json\/wp\/v2\/posts\/32954\/revisions\/32955"}],"wp:featuredmedia":[{"embeddable":true,"href":"https:\/\/www.sincomam.org.br\/index.php\/wp-json\/wp\/v2\/media\/29852"}],"wp:attachment":[{"href":"https:\/\/www.sincomam.org.br\/index.php\/wp-json\/wp\/v2\/media?parent=32954"}],"wp:term":[{"taxonomy":"category","embeddable":true,"href":"https:\/\/www.sincomam.org.br\/index.php\/wp-json\/wp\/v2\/categories?post=32954"},{"taxonomy":"post_tag","embeddable":true,"href":"https:\/\/www.sincomam.org.br\/index.php\/wp-json\/wp\/v2\/tags?post=32954"}],"curies":[{"name":"wp","href":"https:\/\/api.w.org\/{rel}","templated":true}]}}