{"id":32952,"date":"2020-12-10T08:33:38","date_gmt":"2020-12-10T11:33:38","guid":{"rendered":"http:\/\/www.sincomam.org.br\/?p=32952"},"modified":"2020-12-10T08:33:38","modified_gmt":"2020-12-10T11:33:38","slug":"antaq-altera-norma-para-operar-nas-navegacoes-de-apoio-maritimo-apoio-portuario-cabotagem-ou-longo-curso","status":"publish","type":"post","link":"https:\/\/www.sincomam.org.br\/index.php\/antaq-altera-norma-para-operar-nas-navegacoes-de-apoio-maritimo-apoio-portuario-cabotagem-ou-longo-curso\/","title":{"rendered":"ANTAQ altera norma para operar nas navega\u00e7\u00f5es de apoio mar\u00edtimo, apoio portu\u00e1rio, cabotagem ou longo curso"},"content":{"rendered":"<p>A Diretoria Colegiada da Ag\u00eancia Nacional de Transportes Aquavi\u00e1rios \u2013 ANTAQ alterou a norma que disp\u00f5e sobre outorga de autoriza\u00e7\u00e3o \u00e0 pessoa jur\u00eddica, constitu\u00edda nos termos da legisla\u00e7\u00e3o brasileira e com sede e administra\u00e7\u00e3o no pa\u00eds, que tenha por objeto operar nas navega\u00e7\u00f5es de apoio mar\u00edtimo, apoio portu\u00e1rio, cabotagem ou longo curso. A Resolu\u00e7\u00e3o n\u00ba 8.094-ANTAQ, de 02\/12\/2020, entra em vigor em 02 de janeiro de 2021.<\/p>\n<p>A Resolu\u00e7\u00e3o n\u00ba 8.094-ANTAQ tem por objeto a altera\u00e7\u00e3o da norma aprovada pela Resolu\u00e7\u00e3o Normativa n\u00ba 05-ANTAQ, de 23 de fevereiro de 2016, com vistas a se adequar \u00e0 Lei n\u00ba 13.726, de 2018, ao Decreto n\u00ba 9.094, de 2017 e alterar exig\u00eancias relativas \u00e0 manuten\u00e7\u00e3o dos valores m\u00ednimos exigidos de patrim\u00f4nio l\u00edquido requeridos das Empresas Brasileiras de Navega\u00e7\u00e3o.<\/p>\n<p><strong>Altera\u00e7\u00f5es<\/strong><\/p>\n<p>Foram alterados, entre outros, os \u00a7\u00a7 1\u00ba e 2\u00ba do art. 4\u00ba do Anexo da Resolu\u00e7\u00e3o Normativa n\u00ba 05-ANTAQ, de 23 de fevereiro de 2016, que passam a vigorar com as seguintes reda\u00e7\u00f5es:<\/p>\n<ul>\n<li>1\u00ba Os documentos exigidos no caput deste artigo poder\u00e3o ser apresentados em original ou c\u00f3pia comum, vedada a exig\u00eancia de reconhecimento de firma ou autentica\u00e7\u00e3o, exceto se existir d\u00favida fundada quanto \u00e0 autenticidade ou previs\u00e3o legal.<\/li>\n<li>2\u00ba A ANTAQ somente poder\u00e1 solicitar esclarecimentos, informa\u00e7\u00f5es e outros documentos que sejam necess\u00e1rios \u00e0 an\u00e1lise do requerimento em caso de d\u00favida superveniente, desde que de forma expressamente motivada, concedendo o prazo de 15 (quinze) dias \u00fateis para o requerente complementar a documenta\u00e7\u00e3o, podendo o aludido prazo ser estendido, a crit\u00e9rio da \u00e1rea t\u00e9cnica, desde que devidamente justificado pelo interessado, sem o que o processo ser\u00e1 arquivado.\u201d (NR)<\/li>\n<\/ul>\n<p>Tamb\u00e9m foram alterados o inciso II do art. 10 do Anexo da Resolu\u00e7\u00e3o Normativa n\u00ba 05-ANTAQ, de 23 de fevereiro de 2016, que passa a vigorar com a seguinte reda\u00e7\u00e3o<\/p>\n<p>II \u2013 apresentar documenta\u00e7\u00e3o comprobat\u00f3ria de sua regularidade perante as Fazendas Estadual e Municipal da sede da pessoa jur\u00eddica e de que n\u00e3o possui qualquer registro de processos de fal\u00eancia ou recupera\u00e7\u00e3o judicial e extrajudicial, vedada a exig\u00eancia de reconhecimento de firma ou autentica\u00e7\u00e3o, exceto se existir d\u00favida fundada quanto \u00e0 autenticidade ou previs\u00e3o legal; e<\/p>\n<p>E o par\u00e1grafo \u00fanico do art. 10 do Anexo da Resolu\u00e7\u00e3o Normativa n\u00ba 05-ANTAQ, de 23 de fevereiro de 2016, para \u00a7 1\u00ba, mantendo a mesma reda\u00e7\u00e3o, e incluir os \u00a7\u00a7 2\u00ba e 3\u00ba ao art. 10 do Anexo da Resolu\u00e7\u00e3o Normativa n\u00ba 05-ANTAQ, de 23 de fevereiro de 2016:<\/p>\n<p>No seu Art. 11, Par\u00e1grafo \u00fanico, o novo normativo ficou com a seguinte reda\u00e7\u00e3o:<\/p>\n<p>Caso a empresa brasileira de navega\u00e7\u00e3o apresente patrim\u00f4nio l\u00edquido abaixo dos valores m\u00ednimos exigidos no inciso I do caput do art. 9\u00ba desta Resolu\u00e7\u00e3o, a comprova\u00e7\u00e3o do atendimento aos requisitos econ\u00f4mico-financeiros estabelecidos nesta Resolu\u00e7\u00e3o poder\u00e1 ser feita mediante o envio de Relat\u00f3rio elaborado por contador devidamente registrado no Conselho Regional de Contabilidade e assinado conjuntamente ao representante legal da empresa, demonstrando sua capacidade de continuidade operacional e solv\u00eancia, o qual dever\u00e1 ser analisado e, se for o caso, aprovado pela ANTAQ.\u201d (NR)<\/p>\n<p>E o Art. 7\u00ba alterou o ANEXO D do Anexo da Resolu\u00e7\u00e3o Normativa n\u00ba 05-ANTAQ, de 23 de fevereiro de 2016, que passa a vigorar com a seguinte reda\u00e7\u00e3o:<\/p>\n<p><strong>\u201cANEXO D<\/strong><\/p>\n<p><strong>HABILITA\u00c7\u00c3O DA EMPRESA<\/strong><\/p>\n<p>(Documentos a serem anexados ao Requerimento de Autoriza\u00e7\u00e3o para operar como Empresa Brasileira de Navega\u00e7\u00e3o)<\/p>\n<p>( ) Contrato Social com a previs\u00e3o da navega\u00e7\u00e3o pretendida em seu objeto social<\/p>\n<p>( ) Contrato\/Estatuto Social<\/p>\n<p>( ) Declara\u00e7\u00e3o de Firma Individual<\/p>\n<p>( ) Requerimento de empres\u00e1rio<\/p>\n<p>( ) Ata de Elei\u00e7\u00e3o dos administradores com mandato em vigor, para as sociedades por a\u00e7\u00f5es<\/p>\n<p>Demonstra\u00e7\u00f5es cont\u00e1beis<\/p>\n<p>( ) Balan\u00e7o Patrimonial e demais demonstra\u00e7\u00f5es cont\u00e1beis auditadas do \u00faltimo Exerc\u00edcio Social, ou<\/p>\n<p>( ) Balan\u00e7o Patrimonial e demais demonstra\u00e7\u00f5es cont\u00e1beis do \u00faltimo Exerc\u00edcio Social (exclusivamente para ME e EPP), ou<\/p>\n<p>( ) Balan\u00e7o de abertura no caso de empresa rec\u00e9m criada, relativo a sua constitui\u00e7\u00e3o<\/p>\n<p>Certid\u00f5es<\/p>\n<p>( ) Certid\u00e3o Negativa de Fal\u00eancia \/ Recupera\u00e7\u00e3o Judicial \/ Recupera\u00e7\u00e3o Extrajudicial<\/p>\n<p>( ) Prova de regularidade perante a Fazenda Estadual<\/p>\n<p>( ) Prova de Regularidade perante a Fazenda Municipal<\/p>\n<p>( ) Procura\u00e7\u00e3o<\/p>\n<p>( )Outros: ____________________________________________<\/p>\n","protected":false},"excerpt":{"rendered":"<p>A Diretoria Colegiada da Ag\u00eancia Nacional de Transportes Aquavi\u00e1rios \u2013 ANTAQ alterou a norma que disp\u00f5e sobre outorga de autoriza\u00e7\u00e3o \u00e0 pessoa jur\u00eddica, constitu\u00edda nos&#8230;<\/p>\n","protected":false},"author":1182,"featured_media":17130,"comment_status":"closed","ping_status":"closed","sticky":false,"template":"","format":"standard","meta":{"footnotes":""},"categories":[6],"tags":[3238,301,2746,1991,82,1731,886],"class_list":["post-32952","post","type-post","status-publish","format-standard","has-post-thumbnail","hentry","category-noticias","tag-alteracao","tag-antaq","tag-apoio-maritimo","tag-apoio-portuario-2","tag-cabotagem","tag-longo-curso","tag-navegacao"],"_links":{"self":[{"href":"https:\/\/www.sincomam.org.br\/index.php\/wp-json\/wp\/v2\/posts\/32952","targetHints":{"allow":["GET"]}}],"collection":[{"href":"https:\/\/www.sincomam.org.br\/index.php\/wp-json\/wp\/v2\/posts"}],"about":[{"href":"https:\/\/www.sincomam.org.br\/index.php\/wp-json\/wp\/v2\/types\/post"}],"author":[{"embeddable":true,"href":"https:\/\/www.sincomam.org.br\/index.php\/wp-json\/wp\/v2\/users\/1182"}],"replies":[{"embeddable":true,"href":"https:\/\/www.sincomam.org.br\/index.php\/wp-json\/wp\/v2\/comments?post=32952"}],"version-history":[{"count":1,"href":"https:\/\/www.sincomam.org.br\/index.php\/wp-json\/wp\/v2\/posts\/32952\/revisions"}],"predecessor-version":[{"id":32953,"href":"https:\/\/www.sincomam.org.br\/index.php\/wp-json\/wp\/v2\/posts\/32952\/revisions\/32953"}],"wp:featuredmedia":[{"embeddable":true,"href":"https:\/\/www.sincomam.org.br\/index.php\/wp-json\/wp\/v2\/media\/17130"}],"wp:attachment":[{"href":"https:\/\/www.sincomam.org.br\/index.php\/wp-json\/wp\/v2\/media?parent=32952"}],"wp:term":[{"taxonomy":"category","embeddable":true,"href":"https:\/\/www.sincomam.org.br\/index.php\/wp-json\/wp\/v2\/categories?post=32952"},{"taxonomy":"post_tag","embeddable":true,"href":"https:\/\/www.sincomam.org.br\/index.php\/wp-json\/wp\/v2\/tags?post=32952"}],"curies":[{"name":"wp","href":"https:\/\/api.w.org\/{rel}","templated":true}]}}