{"id":32942,"date":"2020-12-09T11:50:08","date_gmt":"2020-12-09T14:50:08","guid":{"rendered":"http:\/\/www.sincomam.org.br\/?p=32942"},"modified":"2020-12-09T11:50:08","modified_gmt":"2020-12-09T14:50:08","slug":"navio-da-transpetro-tem-12-tripulantes-com-covid-19-no-porto-de-sao-sebastiao-sp","status":"publish","type":"post","link":"https:\/\/www.sincomam.org.br\/index.php\/navio-da-transpetro-tem-12-tripulantes-com-covid-19-no-porto-de-sao-sebastiao-sp\/","title":{"rendered":"Navio da Transpetro tem 12 tripulantes com Covid-19 no Porto de S\u00e3o Sebasti\u00e3o, SP"},"content":{"rendered":"<p><strong><em>De acordo com a prefeitura, o comandante do navio est\u00e1 internado por causa da doen\u00e7a. Todos os tripulantes est\u00e3o fazendo isolamento na embarca\u00e7\u00e3o<\/em><\/strong><\/p>\n<p>A prefeitura de S\u00e3o Sebasti\u00e3o confirmou, no \u00faltimo domingo (6), que 12 tripulantes de um navio da Transpetro testaram positivo para a Covid-19. Ainda segundo a prefeitura, o comandante do navio est\u00e1 internado por causa da doen\u00e7a.<\/p>\n<p>De acordo com a prefeitura, a embarca\u00e7\u00e3o, que conta com 24 tripulantes, chegou em S\u00e3o Sebasti\u00e3o neste s\u00e1bado (5), ap\u00f3s cinco dias de navega\u00e7\u00e3o e seguiria viagem para Cingapura, na \u00c1sia.<\/p>\n<p>Ao atracar no porto da cidade, dois tripulantes que testaram positivo para o coronav\u00edrus precisaram de atendimento m\u00e9dico e foram levados para a Unidade de Pronto Atendimento da regi\u00e3o central.<\/p>\n<p>Segundo a prefeitura, o comandante permanece internado e aguarda transfer\u00eancia para um hospital particular. J\u00e1 a outra tripulante recebeu alta e passa bem.<\/p>\n<p>Em nota, a prefeitura refor\u00e7ou que toda a tripula\u00e7\u00e3o est\u00e1 fazendo isolamento no navio e que acompanha a situa\u00e7\u00e3o em tempo real, em respeito \u00e0s regras da Ag\u00eancia Nacional de Vigil\u00e2ncia Sanit\u00e1ria (Anvisa).<\/p>\n<p>J\u00e1 a Transpetro informou que solicitou o desembarque de dois tripulantes para avalia\u00e7\u00e3o m\u00e9dica e que a substitui\u00e7\u00e3o deles foi realizada conforme tr\u00e2mite interno e legisla\u00e7\u00e3o em vigor. Os demais seguem em quarentena, com monitoramento di\u00e1rio da empresa e autoridades locais.<\/p>\n<p>A empresa informou que adota &#8220;procedimentos robustos em todas as suas unidades desde o in\u00edcio da pandemia, atuando sempre de forma diligente&#8221;. Entre as medidas de preven\u00e7\u00e3o ao cont\u00e1gio est\u00e3o o per\u00edodo de quarentena pr\u00e9-embarque com monitoramento de sa\u00fade para todos os mar\u00edtimos, avalia\u00e7\u00e3o de sa\u00fade e testes RT-PCR antes do embarque e, a bordo, uso obrigat\u00f3rio de m\u00e1scaras, distanciamento entre as pessoas e refor\u00e7o na higieniza\u00e7\u00e3o e nas demais medidas de preven\u00e7\u00e3o.<\/p>\n<p>Fonte: G1 \u2013 Vale do Para\u00edba e Regi\u00e3o<\/p>\n","protected":false},"excerpt":{"rendered":"<p>De acordo com a prefeitura, o comandante do navio est\u00e1 internado por causa da doen\u00e7a. Todos os tripulantes est\u00e3o fazendo isolamento na embarca\u00e7\u00e3o A prefeitura&#8230;<\/p>\n","protected":false},"author":1182,"featured_media":32943,"comment_status":"closed","ping_status":"closed","sticky":false,"template":"","format":"standard","meta":{"footnotes":""},"categories":[6],"tags":[2941,2751,47,80,290,105,635],"class_list":["post-32942","post","type-post","status-publish","format-standard","has-post-thumbnail","hentry","category-noticias","tag-contaminados","tag-covid-19","tag-navio","tag-porto","tag-sao-sebastiao","tag-transpetro","tag-tripulantes"],"_links":{"self":[{"href":"https:\/\/www.sincomam.org.br\/index.php\/wp-json\/wp\/v2\/posts\/32942","targetHints":{"allow":["GET"]}}],"collection":[{"href":"https:\/\/www.sincomam.org.br\/index.php\/wp-json\/wp\/v2\/posts"}],"about":[{"href":"https:\/\/www.sincomam.org.br\/index.php\/wp-json\/wp\/v2\/types\/post"}],"author":[{"embeddable":true,"href":"https:\/\/www.sincomam.org.br\/index.php\/wp-json\/wp\/v2\/users\/1182"}],"replies":[{"embeddable":true,"href":"https:\/\/www.sincomam.org.br\/index.php\/wp-json\/wp\/v2\/comments?post=32942"}],"version-history":[{"count":1,"href":"https:\/\/www.sincomam.org.br\/index.php\/wp-json\/wp\/v2\/posts\/32942\/revisions"}],"predecessor-version":[{"id":32944,"href":"https:\/\/www.sincomam.org.br\/index.php\/wp-json\/wp\/v2\/posts\/32942\/revisions\/32944"}],"wp:featuredmedia":[{"embeddable":true,"href":"https:\/\/www.sincomam.org.br\/index.php\/wp-json\/wp\/v2\/media\/32943"}],"wp:attachment":[{"href":"https:\/\/www.sincomam.org.br\/index.php\/wp-json\/wp\/v2\/media?parent=32942"}],"wp:term":[{"taxonomy":"category","embeddable":true,"href":"https:\/\/www.sincomam.org.br\/index.php\/wp-json\/wp\/v2\/categories?post=32942"},{"taxonomy":"post_tag","embeddable":true,"href":"https:\/\/www.sincomam.org.br\/index.php\/wp-json\/wp\/v2\/tags?post=32942"}],"curies":[{"name":"wp","href":"https:\/\/api.w.org\/{rel}","templated":true}]}}