{"id":32898,"date":"2020-12-08T14:22:49","date_gmt":"2020-12-08T17:22:49","guid":{"rendered":"http:\/\/www.sincomam.org.br\/?p=32898"},"modified":"2020-12-08T14:22:49","modified_gmt":"2020-12-08T17:22:49","slug":"apos-novo-surto-de-covid-19-petrobras-volta-a-reduzir-efetivo-em-plataformas","status":"publish","type":"post","link":"https:\/\/www.sincomam.org.br\/index.php\/apos-novo-surto-de-covid-19-petrobras-volta-a-reduzir-efetivo-em-plataformas\/","title":{"rendered":"Ap\u00f3s novo surto de Covid-19, Petrobras volta a reduzir efetivo em plataformas"},"content":{"rendered":"<p><strong><em>Mais quatro plataformas da Petrobras na bacia de Campos registraram dezenas de casos da Covid-19 nas \u00faltimas duas semanas de novembro<\/em><\/strong><\/p>\n<p>Depois do aumento de casos de empregados contaminados por Covid-19 em suas plataformas, a Petrobras decidiu aumentar os cuidados nas unidades, voltando a reduzir ao m\u00ednimo o n\u00famero de trabalhadores embarcados e aumentando a fiscaliza\u00e7\u00e3o do cumprimento das normas de preven\u00e7\u00e3o \u00e0 doen\u00e7a, informou a companhia em nota.<\/p>\n<p>O aumento de medidas para evitar o novo coronav\u00edrus foi solicitado pelos sindicatos da categoria, depois que mais quatro plataformas na bacia de Campos registraram dezenas de casos da doen\u00e7a nas \u00faltimas duas semanas de novembro.<\/p>\n<p>No auge da pandemia, em abril e maio, a empresa reduziu o n\u00famero de trabalhadores nas plataformas, o que diminuiu sua produ\u00e7\u00e3o de petr\u00f3leo, mas foi aos poucos retomando a normalidade, at\u00e9 ocorrerem novos surtos.<\/p>\n<p>Segundo o \u00faltimo Boletim de Monitoramento do Covid-19 do Minist\u00e9rio de Minas e Energia (MME) dos 45.403 empregados da estatal, 2.872 foram contaminados e ocorreram 3 \u00f3bitos. Desse total, 2.624 j\u00e1 teriam se recuperado.<\/p>\n<p><em>&#8220;O efetivo a bordo das plataformas, sondas e demais embarca\u00e7\u00f5es ser\u00e1 reduzido ao m\u00ednimo necess\u00e1rio para a opera\u00e7\u00e3o segura de cada unidade. Tamb\u00e9m est\u00e1 sendo intensificada a fiscaliza\u00e7\u00e3o do cumprimento das normas de preven\u00e7\u00e3o em todas as unidades operacionais mar\u00edtimas ou em terra, com auditorias pelo menos duas vezes por semana em todas as unidades e corre\u00e7\u00e3o imediata de eventuais desvios&#8221;, informou a estatal.<\/em><\/p>\n<p>Fonte: Gazeta do Povo \/ Foto: Ag\u00eancia Petrobras<\/p>\n<p>&nbsp;<\/p>\n","protected":false},"excerpt":{"rendered":"<p>Mais quatro plataformas da Petrobras na bacia de Campos registraram dezenas de casos da Covid-19 nas \u00faltimas duas semanas de novembro Depois do aumento de&#8230;<\/p>\n","protected":false},"author":1182,"featured_media":5536,"comment_status":"closed","ping_status":"closed","sticky":false,"template":"","format":"standard","meta":{"footnotes":""},"categories":[6],"tags":[2752,2751,1460,1005,58,186,767,4155,1140],"class_list":["post-32898","post","type-post","status-publish","format-standard","has-post-thumbnail","hentry","category-noticias","tag-coronavirus","tag-covid-19","tag-infectados","tag-mortes","tag-petrobras","tag-plataforma","tag-reducao","tag-surto","tag-trabalhadores"],"_links":{"self":[{"href":"https:\/\/www.sincomam.org.br\/index.php\/wp-json\/wp\/v2\/posts\/32898","targetHints":{"allow":["GET"]}}],"collection":[{"href":"https:\/\/www.sincomam.org.br\/index.php\/wp-json\/wp\/v2\/posts"}],"about":[{"href":"https:\/\/www.sincomam.org.br\/index.php\/wp-json\/wp\/v2\/types\/post"}],"author":[{"embeddable":true,"href":"https:\/\/www.sincomam.org.br\/index.php\/wp-json\/wp\/v2\/users\/1182"}],"replies":[{"embeddable":true,"href":"https:\/\/www.sincomam.org.br\/index.php\/wp-json\/wp\/v2\/comments?post=32898"}],"version-history":[{"count":1,"href":"https:\/\/www.sincomam.org.br\/index.php\/wp-json\/wp\/v2\/posts\/32898\/revisions"}],"predecessor-version":[{"id":32899,"href":"https:\/\/www.sincomam.org.br\/index.php\/wp-json\/wp\/v2\/posts\/32898\/revisions\/32899"}],"wp:featuredmedia":[{"embeddable":true,"href":"https:\/\/www.sincomam.org.br\/index.php\/wp-json\/wp\/v2\/media\/5536"}],"wp:attachment":[{"href":"https:\/\/www.sincomam.org.br\/index.php\/wp-json\/wp\/v2\/media?parent=32898"}],"wp:term":[{"taxonomy":"category","embeddable":true,"href":"https:\/\/www.sincomam.org.br\/index.php\/wp-json\/wp\/v2\/categories?post=32898"},{"taxonomy":"post_tag","embeddable":true,"href":"https:\/\/www.sincomam.org.br\/index.php\/wp-json\/wp\/v2\/tags?post=32898"}],"curies":[{"name":"wp","href":"https:\/\/api.w.org\/{rel}","templated":true}]}}