{"id":32885,"date":"2020-12-08T11:50:03","date_gmt":"2020-12-08T14:50:03","guid":{"rendered":"http:\/\/www.sincomam.org.br\/?p=32885"},"modified":"2020-12-08T11:50:03","modified_gmt":"2020-12-08T14:50:03","slug":"btp-anuncia-novo-diretor-financeiro","status":"publish","type":"post","link":"https:\/\/www.sincomam.org.br\/index.php\/btp-anuncia-novo-diretor-financeiro\/","title":{"rendered":"BTP anuncia novo diretor financeiro"},"content":{"rendered":"<p><strong><em>Steen Larsen assumiu o cargo na empresa Brasil Terminal Portu\u00e1rio em novembro<\/em><\/strong><\/p>\n<p>A Brasil Terminal Portu\u00e1rio (BTP) informou, em comunicado, o novo Diretor Financeiro da Empresa. Steen Larsen assumiu, oficialmente a partir do m\u00eas de novembro, ap\u00f3s a finaliza\u00e7\u00e3o dos tr\u00e2mites legais de transi\u00e7\u00e3o, a posi\u00e7\u00e3o de Chief Financial Officer (CFO) do maior terminal de cont\u00eaineres da Am\u00e9rica do Sul, at\u00e9 ent\u00e3o ocupada por Thomas Bulow Nielsen desde 2013.<\/p>\n<p>O dinamarqu\u00eas, Steen Larsen, que at\u00e9 ent\u00e3o ocupava o cargo de Diretor de Neg\u00f3cios e Diretor Financeiro da APM Terminals Moin, atua h\u00e1 mais de 20 anos no mercado e traz, para a BTP, sua vasta experi\u00eancia em finan\u00e7as e opera\u00e7\u00e3o portu\u00e1ria.<\/p>\n<p>O novo diretor financeiro da BTP iniciou sua carreira profissional no Grupo Maersk, em 2000, atuando como gerente financeiro \u00e0 \u00e9poca e trabalhou em v\u00e1rios outros pa\u00edses como Dinamarca, Panam\u00e1, Col\u00f4mbia, Bahrein, \u00c1frica do Sul, EUA (Los Angeles) e Costa Rica (Moin).<\/p>\n<p>Em opera\u00e7\u00e3o desde 2013, a BTP \u2013 terminal privado de uso p\u00fablico \u2013 se consolidou como o maior terminal de cont\u00eaineres da Am\u00e9rica do Sul. Localizada no Porto de Santos, a Empresa foi respons\u00e1vel pela remedia\u00e7\u00e3o de um dos maiores passivos ambientais do Pa\u00eds e, atualmente, possui capacidade de movimenta\u00e7\u00e3o anual de at\u00e9 2,5 milh\u00f5es de TEUs.<\/p>\n<p>*Com informa\u00e7\u00f5es da BTP<\/p>\n","protected":false},"excerpt":{"rendered":"<p>Steen Larsen assumiu o cargo na empresa Brasil Terminal Portu\u00e1rio em novembro A Brasil Terminal Portu\u00e1rio (BTP) informou, em comunicado, o novo Diretor Financeiro da&#8230;<\/p>\n","protected":false},"author":1182,"featured_media":32886,"comment_status":"closed","ping_status":"closed","sticky":false,"template":"","format":"standard","meta":{"footnotes":""},"categories":[6],"tags":[4153,1065,1668,80,1026,89,656],"class_list":["post-32885","post","type-post","status-publish","format-standard","has-post-thumbnail","hentry","category-noticias","tag-btp","tag-diretor","tag-financeiro","tag-porto","tag-portuario","tag-santos","tag-terminal"],"_links":{"self":[{"href":"https:\/\/www.sincomam.org.br\/index.php\/wp-json\/wp\/v2\/posts\/32885","targetHints":{"allow":["GET"]}}],"collection":[{"href":"https:\/\/www.sincomam.org.br\/index.php\/wp-json\/wp\/v2\/posts"}],"about":[{"href":"https:\/\/www.sincomam.org.br\/index.php\/wp-json\/wp\/v2\/types\/post"}],"author":[{"embeddable":true,"href":"https:\/\/www.sincomam.org.br\/index.php\/wp-json\/wp\/v2\/users\/1182"}],"replies":[{"embeddable":true,"href":"https:\/\/www.sincomam.org.br\/index.php\/wp-json\/wp\/v2\/comments?post=32885"}],"version-history":[{"count":1,"href":"https:\/\/www.sincomam.org.br\/index.php\/wp-json\/wp\/v2\/posts\/32885\/revisions"}],"predecessor-version":[{"id":32887,"href":"https:\/\/www.sincomam.org.br\/index.php\/wp-json\/wp\/v2\/posts\/32885\/revisions\/32887"}],"wp:featuredmedia":[{"embeddable":true,"href":"https:\/\/www.sincomam.org.br\/index.php\/wp-json\/wp\/v2\/media\/32886"}],"wp:attachment":[{"href":"https:\/\/www.sincomam.org.br\/index.php\/wp-json\/wp\/v2\/media?parent=32885"}],"wp:term":[{"taxonomy":"category","embeddable":true,"href":"https:\/\/www.sincomam.org.br\/index.php\/wp-json\/wp\/v2\/categories?post=32885"},{"taxonomy":"post_tag","embeddable":true,"href":"https:\/\/www.sincomam.org.br\/index.php\/wp-json\/wp\/v2\/tags?post=32885"}],"curies":[{"name":"wp","href":"https:\/\/api.w.org\/{rel}","templated":true}]}}