{"id":32871,"date":"2020-12-07T06:51:26","date_gmt":"2020-12-07T09:51:26","guid":{"rendered":"http:\/\/www.sincomam.org.br\/?p=32871"},"modified":"2020-12-07T06:51:26","modified_gmt":"2020-12-07T09:51:26","slug":"antaq-leiloara-tres-areas-nos-portos-de-maceio-e-aratu-no-proximo-dia-18","status":"publish","type":"post","link":"https:\/\/www.sincomam.org.br\/index.php\/antaq-leiloara-tres-areas-nos-portos-de-maceio-e-aratu-no-proximo-dia-18\/","title":{"rendered":"ANTAQ leiloar\u00e1 tr\u00eas \u00e1reas nos portos de Macei\u00f3 e Aratu no pr\u00f3ximo dia 18"},"content":{"rendered":"<p><strong><em>Ag\u00eancia informa que investimentos somam R$ 377,6 milh\u00f5es<\/em><\/strong><\/p>\n<p>A Ag\u00eancia Nacional de Transportes Aquavi\u00e1rios (ANTAQ) comunica que realizar\u00e1 em 18 de dezembro pr\u00f3ximo, a partir das 15h, os leil\u00f5es das \u00e1reas denominadas MAC10, localizada no Porto Organizado de Macei\u00f3 (AL), e ATU12 e ATU18, localizadas no Porto Organizado de Aratu, na Bahia. Os leil\u00f5es ocorrer\u00e3o na B3 \u2013 Brasil, Bolsa e Balc\u00e3o, em S\u00e3o Paulo.<\/p>\n<p>Com 7.932 m\u00b2, a \u00e1rea MAC10 \u00e9 destinada \u00e0 movimenta\u00e7\u00e3o, armazenagem e distribui\u00e7\u00e3o de gran\u00e9is l\u00edquidos, especialmente \u00e1cido sulf\u00farico. O prazo de arrendamento \u00e9 de 25 anos. A receita bruta global do contrato soma R$ 100,3 milh\u00f5es. O investimento total por parte dos futuros arrendat\u00e1rios \u00e9 de R$ 12,7 milh\u00f5es. A movimenta\u00e7\u00e3o total gira em torno de 1,150 milh\u00e3o de toneladas durante o prazo contratual.<\/p>\n<p>A \u00e1rea ATU12 \u00e9 destinada \u00e0 movimenta\u00e7\u00e3o e armazenagem de gran\u00e9is s\u00f3lidos minerais. Com 154.916 m\u00b2 de \u00e1rea, o valor global estimado do contrato de arrendamento \u00e9 de R$ 3,291 bilh\u00f5es. O prazo do contrato do arrendamento \u00e9 de 25 anos, ao longo dos quais os futuros arrendat\u00e1rios dever\u00e3o investir R$ 244,956 milh\u00f5es. A movimenta\u00e7\u00e3o prevista ao longo do contrato \u00e9 de 66,159 milh\u00f5es de toneladas.<\/p>\n<p>J\u00e1 a \u00e1rea ATU18 \u00e9 destinada \u00e0 movimenta\u00e7\u00e3o e armazenagem de gran\u00e9is s\u00f3lidos vegetais. O prazo de arrendamento \u00e9 de 15 anos e a \u00e1rea do terminal de 51.562 m\u00b2. O valor global estimado do contrato de arrendamento \u00e9 de R$ 824,5 milh\u00f5es, devendo os futuros arrendat\u00e1rios investirem R$ 119,945 milh\u00f5es no terminal durante o per\u00edodo do contrato. A movimenta\u00e7\u00e3o total esperada \u00e9 de 20,469 milh\u00f5es de toneladas.<\/p>\n<p><strong>Comunicado sobre os leil\u00f5es<\/strong><\/p>\n<p>Em fun\u00e7\u00e3o da pandemia, a ANTAQ publicou comunicado relevante para o acesso f\u00edsico aos leil\u00f5es das tr\u00eas \u00e1reas. Entre as medidas adotadas est\u00e3o a extens\u00e3o do hor\u00e1rio de recebimento de envelopes, que ocorrer\u00e1 das 10h \u00e0s 14h, no dia 15 de dezembro, na B3 (Rua XV de Novembro, n\u00ba 275, Centro \u2013 S\u00e3o Paulo\/SP). Para a entrega dos documentos, ser\u00e1 autorizado o acesso de apenas um proponente por vez, devendo este deixar o ambiente de aporte ap\u00f3s a entrega dos documentos e assinatura do Termo de Recebimento de Envelopes.<\/p>\n<p>No dia do leil\u00e3o, ser\u00e1 assegurado o acesso ao local a, no m\u00e1ximo, tr\u00eas pessoas por proponente, seja esta individual ou cons\u00f3rcio, quantidade esta que representa a totalidade dos presentes em nome da proponente e de sua participante credenciada, sendo obrigat\u00f3ria a presen\u00e7a de ambos para que seja poss\u00edvel a pr\u00e1tica de todos os atos previstos em edital pela proponente. Somente ser\u00e1 autorizada a entrada de p\u00fablico geral, imprensa e demais interessados ap\u00f3s a entrada das pessoas j\u00e1 mencionadas, respeitadas as limita\u00e7\u00f5es de espa\u00e7o.<\/p>\n<p>D\u00favidas adicionais poder\u00e3o ser esclarecidas junto \u00e0 Comiss\u00e3o Permanente de Licita\u00e7\u00e3o via cpla@antaq.gov.br e \u00e0 B3 via leiloes@B3.com.br, bem como por telefone em (11) 2565-6500.<\/p>\n<p>*Com informa\u00e7\u00f5es da ANTAQ<\/p>\n","protected":false},"excerpt":{"rendered":"<p>Ag\u00eancia informa que investimentos somam R$ 377,6 milh\u00f5es A Ag\u00eancia Nacional de Transportes Aquavi\u00e1rios (ANTAQ) comunica que realizar\u00e1 em 18 de dezembro pr\u00f3ximo, a partir&#8230;<\/p>\n","protected":false},"author":1182,"featured_media":13117,"comment_status":"closed","ping_status":"closed","sticky":false,"template":"","format":"standard","meta":{"footnotes":""},"categories":[6],"tags":[301,2543,1373,55,3285,69],"class_list":["post-32871","post","type-post","status-publish","format-standard","has-post-thumbnail","hentry","category-noticias","tag-antaq","tag-aratu","tag-areas","tag-leilao","tag-maceio","tag-portos"],"_links":{"self":[{"href":"https:\/\/www.sincomam.org.br\/index.php\/wp-json\/wp\/v2\/posts\/32871","targetHints":{"allow":["GET"]}}],"collection":[{"href":"https:\/\/www.sincomam.org.br\/index.php\/wp-json\/wp\/v2\/posts"}],"about":[{"href":"https:\/\/www.sincomam.org.br\/index.php\/wp-json\/wp\/v2\/types\/post"}],"author":[{"embeddable":true,"href":"https:\/\/www.sincomam.org.br\/index.php\/wp-json\/wp\/v2\/users\/1182"}],"replies":[{"embeddable":true,"href":"https:\/\/www.sincomam.org.br\/index.php\/wp-json\/wp\/v2\/comments?post=32871"}],"version-history":[{"count":1,"href":"https:\/\/www.sincomam.org.br\/index.php\/wp-json\/wp\/v2\/posts\/32871\/revisions"}],"predecessor-version":[{"id":32872,"href":"https:\/\/www.sincomam.org.br\/index.php\/wp-json\/wp\/v2\/posts\/32871\/revisions\/32872"}],"wp:featuredmedia":[{"embeddable":true,"href":"https:\/\/www.sincomam.org.br\/index.php\/wp-json\/wp\/v2\/media\/13117"}],"wp:attachment":[{"href":"https:\/\/www.sincomam.org.br\/index.php\/wp-json\/wp\/v2\/media?parent=32871"}],"wp:term":[{"taxonomy":"category","embeddable":true,"href":"https:\/\/www.sincomam.org.br\/index.php\/wp-json\/wp\/v2\/categories?post=32871"},{"taxonomy":"post_tag","embeddable":true,"href":"https:\/\/www.sincomam.org.br\/index.php\/wp-json\/wp\/v2\/tags?post=32871"}],"curies":[{"name":"wp","href":"https:\/\/api.w.org\/{rel}","templated":true}]}}