{"id":32835,"date":"2020-12-04T11:34:09","date_gmt":"2020-12-04T14:34:09","guid":{"rendered":"http:\/\/www.sincomam.org.br\/?p=32835"},"modified":"2020-12-04T17:29:50","modified_gmt":"2020-12-04T20:29:50","slug":"forcas-armadas-encerram-operacao-amapa","status":"publish","type":"post","link":"https:\/\/www.sincomam.org.br\/index.php\/forcas-armadas-encerram-operacao-amapa\/","title":{"rendered":"For\u00e7as Armadas encerram Opera\u00e7\u00e3o Amap\u00e1 ap\u00f3s o restabelecimento da energia"},"content":{"rendered":"<p><strong><em>Militares seguem com as a\u00e7\u00f5es em combate a Covid-19 e Opera\u00e7\u00e3o Verde Brasil 2<\/em><\/strong><\/p>\n<p>Ap\u00f3s 19 dias de atua\u00e7\u00e3o di\u00e1ria, as For\u00e7as Armadas finalizaram a Opera\u00e7\u00e3o Amap\u00e1, na \u00faltima quinta-feira (26). As a\u00e7\u00f5es dos militares da Marinha, Ex\u00e9rcito e Aeron\u00e1utica, iniciaram devido \u00e0 interrup\u00e7\u00e3o de energia el\u00e9trica no estado, em 3 de novembro. Com a necessidade de apoio e autoriza\u00e7\u00e3o para execu\u00e7\u00e3o dos trabalhos, o Minist\u00e9rio da Defesa ativou a opera\u00e7\u00e3o em 7 de novembro.<\/p>\n<p>Durante a opera\u00e7\u00e3o, foram distribu\u00eddos combust\u00edvel para o funcionamento dos geradores em hospitais, \u00e1gua pot\u00e1vel, cestas b\u00e1sicas para a popula\u00e7\u00e3o, entre outras atua\u00e7\u00f5es. A Marinha, por meio de embarca\u00e7\u00f5es, prestou apoio \u00e0 comunidade do Amap\u00e1 com atendimentos na \u00e1rea de sa\u00fade. Militares da For\u00e7a Naval, Ex\u00e9rcito e Aeron\u00e1utica, somaram mais de 1.200 atendimentos \u00e0 popula\u00e7\u00e3o.<\/p>\n<p>O Comando da 22\u00aa Brigada de Infantaria de Selva al\u00e9m de realizar trabalhos de apoio \u00e0 Defesa Civil, com um Pelot\u00e3o em prontid\u00e3o na capital Macap\u00e1, tamb\u00e9m executou uma A\u00e7\u00e3o C\u00edvico-Social no munic\u00edpio de Santana. Mais de 1.500 atendimentos, no Centro de Triagem, Anexo ao Hospital de Emerg\u00eancia, nas especialidades de cl\u00ednica geral e pediatria.<\/p>\n<p>A For\u00e7a A\u00e9rea transportou por meio de tr\u00eas aeronaves, 83 toneladas de insumos, como geradores, \u00e1gua, materiais n\u00e3o perec\u00edveis e at\u00e9 baterias do Tribunal Superior Eleitoral que foram utilizadas nas elei\u00e7\u00f5es municipais. Os 19 dias de opera\u00e7\u00e3o somaram mais de 50 horas de voo.<\/p>\n<p>Atualmente, hospitais e unidades b\u00e1sicas de sa\u00fade j\u00e1 funcionam normalmente, sem a necessidade de geradores. Entre outras a\u00e7\u00f5es, ap\u00f3s a normaliza\u00e7\u00e3o de 100% do fornecimento de energia, as For\u00e7as Armadas encerram a opera\u00e7\u00e3o no estado.<\/p>\n<p><strong>Opera\u00e7\u00e3o Covid-19<\/strong><\/p>\n<p>As For\u00e7as Armadas continuam com a\u00e7\u00f5es no combate ao novo coronav\u00edrus. Os militares atuam na preven\u00e7\u00e3o, capacita\u00e7\u00e3o, no apoio na entrega de suprimentos, campanhas de doa\u00e7\u00e3o de sangue, inspe\u00e7\u00f5es com atividades de conscientiza\u00e7\u00e3o e descontamina\u00e7\u00e3o de locais p\u00fablicos.<\/p>\n<p>Os Comandos Conjuntos empregam diariamente, em m\u00e9dia, 20 mil militares das For\u00e7as Armadas, sendo que mais de 5 mil s\u00e3o profissionais da sa\u00fade, al\u00e9m de viaturas, navios e embarca\u00e7\u00f5es. Todos os dias a\u00e7\u00f5es de controle da faixa de fronteira s\u00e3o realizadas, al\u00e9m de atividades solid\u00e1rias e apoio aos servi\u00e7os p\u00fablicos essenciais, como assist\u00eancia hospitalar \u00e0 comunidades ribeirinhas no Amazonas. Al\u00e9m do apoio na entrega de alimentos e donativos no Rio de Janeiro e Paran\u00e1, e transporte de pacientes com suspeita de Covid-19 no Rio Grande do Sul e S\u00e3o Paulo.<\/p>\n<p><strong>Opera\u00e7\u00e3o Verde Brasil 2<\/strong><\/p>\n<p>Militares das For\u00e7as Amadas est\u00e3o desde maio deste ano no combate aos crimes ambientais e queimadas na Amaz\u00f4nia legal. Os Comandos Conjuntos da Amaz\u00f4nia, Norte e Oeste.<\/p>\n<p>O Comando Conjunto da Amaz\u00f4nia permanece com atua\u00e7\u00e3o nas a\u00e7\u00f5es de inspe\u00e7\u00e3o naval, patrulha terrestre e motorizada, fiscaliza\u00e7\u00e3o e combate a il\u00edcitos ambientais, ao desmatamento e inc\u00eandios florestais nos estados do Acre, Amazonas, Roraima e Rond\u00f4nia, em que s\u00e3o empregados meios do Comando do 9\u00ba Distrito Naval.<\/p>\n<p>Em outra frente de atua\u00e7\u00e3o, o Comando Conjunto Norte prossegue nas a\u00e7\u00f5es de inspe\u00e7\u00e3o naval nos estados do Amap\u00e1, Maranh\u00e3o, Par\u00e1 e Tocantins, que emprega meios do 4\u00ba Distrito Naval. O Comando da Fronteira Amap\u00e1 e 34\u00ba Batalh\u00e3o de Infantaria de Selva realiza patrulhamento terrestre de combate a inc\u00eandio e a delitos ambientais. O 51\u00ba Batalh\u00e3o de Infantaria de Selva tem realizado um estudo e levantamento de calor e de focos de queimadas.<\/p>\n<p>Houve a apreens\u00e3o de mais de 180 mil metros c\u00fabicos de madeira ilegal e embargados 104 mil hectares, apreendidos mais de 154 mil toneladas de minerais, como ouro, mangan\u00eas e pedras preciosas entre outros. Foram apreendidas tamb\u00e9m 390 kg de drogas e inutilizados ou destru\u00eddos 869 maquin\u00e1rios de serraria e de minera\u00e7\u00e3o diversos, 1.974 meios de transporte variados, como embarca\u00e7\u00f5es, ve\u00edculos, tratores, balsas, dragas, avi\u00f5es e helic\u00f3pteros. Mais de 7,6 mil focos de inc\u00eandio foram combatidos.<\/p>\n<p>A miss\u00e3o teve in\u00edcio em 11 de maio e prosseguir\u00e1 at\u00e9 30 de abril de 2021. Esse per\u00edodo poder\u00e1 ser prorrogado, se necess\u00e1rio.<\/p>\n<p>Fonte: Minist\u00e9rio da Defesa \/ Foto: divulga\u00e7\u00e3o\/For\u00e7as Armadas Opera\u00e7\u00e3o Verde Brasil 2<\/p>\n","protected":false},"excerpt":{"rendered":"<p>Militares seguem com as a\u00e7\u00f5es em combate a Covid-19 e Opera\u00e7\u00e3o Verde Brasil 2 Ap\u00f3s 19 dias de atua\u00e7\u00e3o di\u00e1ria, as For\u00e7as Armadas finalizaram a&#8230;<\/p>\n","protected":false},"author":1182,"featured_media":32836,"comment_status":"closed","ping_status":"closed","sticky":false,"template":"","format":"standard","meta":{"footnotes":""},"categories":[6],"tags":[1268,2752,2751,894,692,377,4146],"class_list":["post-32835","post","type-post","status-publish","format-standard","has-post-thumbnail","hentry","category-noticias","tag-amapa","tag-coronavirus","tag-covid-19","tag-forcas-armadas","tag-militares","tag-operacao","tag-operacao-verde-brasil-2"],"_links":{"self":[{"href":"https:\/\/www.sincomam.org.br\/index.php\/wp-json\/wp\/v2\/posts\/32835","targetHints":{"allow":["GET"]}}],"collection":[{"href":"https:\/\/www.sincomam.org.br\/index.php\/wp-json\/wp\/v2\/posts"}],"about":[{"href":"https:\/\/www.sincomam.org.br\/index.php\/wp-json\/wp\/v2\/types\/post"}],"author":[{"embeddable":true,"href":"https:\/\/www.sincomam.org.br\/index.php\/wp-json\/wp\/v2\/users\/1182"}],"replies":[{"embeddable":true,"href":"https:\/\/www.sincomam.org.br\/index.php\/wp-json\/wp\/v2\/comments?post=32835"}],"version-history":[{"count":2,"href":"https:\/\/www.sincomam.org.br\/index.php\/wp-json\/wp\/v2\/posts\/32835\/revisions"}],"predecessor-version":[{"id":32851,"href":"https:\/\/www.sincomam.org.br\/index.php\/wp-json\/wp\/v2\/posts\/32835\/revisions\/32851"}],"wp:featuredmedia":[{"embeddable":true,"href":"https:\/\/www.sincomam.org.br\/index.php\/wp-json\/wp\/v2\/media\/32836"}],"wp:attachment":[{"href":"https:\/\/www.sincomam.org.br\/index.php\/wp-json\/wp\/v2\/media?parent=32835"}],"wp:term":[{"taxonomy":"category","embeddable":true,"href":"https:\/\/www.sincomam.org.br\/index.php\/wp-json\/wp\/v2\/categories?post=32835"},{"taxonomy":"post_tag","embeddable":true,"href":"https:\/\/www.sincomam.org.br\/index.php\/wp-json\/wp\/v2\/tags?post=32835"}],"curies":[{"name":"wp","href":"https:\/\/api.w.org\/{rel}","templated":true}]}}