{"id":32832,"date":"2020-12-04T10:51:18","date_gmt":"2020-12-04T13:51:18","guid":{"rendered":"http:\/\/www.sincomam.org.br\/?p=32832"},"modified":"2020-12-04T10:51:18","modified_gmt":"2020-12-04T13:51:18","slug":"covid-19-casos-passam-de-1179-mil-para-2374-mil-em-tres-semanas","status":"publish","type":"post","link":"https:\/\/www.sincomam.org.br\/index.php\/covid-19-casos-passam-de-1179-mil-para-2374-mil-em-tres-semanas\/","title":{"rendered":"Covid-19: casos passam de 117,9 mil para 237,4 mil em tr\u00eas semanas"},"content":{"rendered":"<p><strong><em>Crescimentos das curvas foram diferentes entre regi\u00f5es do pa\u00eds<\/em><\/strong><\/p>\n<p>O Minist\u00e9rio da Sa\u00fade apresentou em entrevista coletiva nesta quinta-feira (3) os dados mais recentes sobre a pandemia de covid-19 e confirmou o crescimento de casos e mortes da doen\u00e7a no pa\u00eds nas \u00faltimas semanas. Na semana epidemiol\u00f3gica 45 a quantidade de casos foi de 117,9 mil. J\u00e1 na semana epidemiol\u00f3gica 48, entre os dias 22 e 28 de novembro, foram registrados 237,4 mil, um acr\u00e9scimo de pouco mais de 100%. Na compara\u00e7\u00e3o com a semana anterior (47), o incremento foi de 17%.<\/p>\n<p>A semana epidemiol\u00f3gica \u00e9 um indicador usado para medir a evolu\u00e7\u00e3o de uma pandemia. A semana analisada neste boletim abarcou os dias 22 a 28 de novembro. O Minist\u00e9rio n\u00e3o divulgou o monitoramento em novembro e gestores da pasta atribu\u00edram a aus\u00eancia do documento a uma tentativa de ataque sofrida no in\u00edcio do m\u00eas passado.<\/p>\n<p>A curva de casos vinha apresentando uma tend\u00eancia de queda desde a semana epidemiol\u00f3gica 30, no fim de julho, com alguns aumentos, como em agosto e outubro. Mas a partir da semana 45, no in\u00edcio de novembro, a curva passou a ter uma nova subida dos casos.<\/p>\n<p>Em entrevista coletiva, o secret\u00e1rio de Vigil\u00e2ncia em Sa\u00fade do Minist\u00e9rio, Arnaldo de Medeiros, disse que ocorreu \u201crecrudescimento de casos\u201d. Ele apontou que a forte alta a partir da semana epidemiol\u00f3gica 45 pode estar relacionada \u00e0 instabilidade dos dados.<\/p>\n<p><em>\u201cPor isso que muitas vezes a queda da semana epidemiol\u00f3gica 44 para a 45 e a subida desta para a 45 talvez reflita a demora na estabiliza\u00e7\u00e3o para a notifica\u00e7\u00e3o dos casos devido \u00e0 instabilidade do sistema. Mas nos \u00faltimos 14 dias tivemos aumento de 21%\u201d, declarou.<\/em><\/p>\n<p>Quando consideradas as mortes, o movimento \u00e9 semelhante. Na semana 45, no in\u00edcio de novembro, foram contabilizados 2,3 mil \u00f3bitos. J\u00e1 na \u00faltima semana epidemiol\u00f3gica foram 3,5 mil, um aumento de mais de 50%. Em rela\u00e7\u00e3o \u00e0 semana anterior (47), o acr\u00e9scimo foi de 7%.<\/p>\n<p>A curva de mortes em fun\u00e7\u00e3o da pandemia teve um plat\u00f4 maior de maio ao fim de julho, quando come\u00e7ou uma trajet\u00f3ria de queda, agora revertida pelo movimento de ascens\u00e3o registrado a partir da semana epidemiol\u00f3gica 45.<\/p>\n<p>O secret\u00e1rio de Vigil\u00e2ncia em Sa\u00fade destacou o movimento de amplia\u00e7\u00e3o menor no caso dos \u00f3bitos. \u201cEsses dados nos mostram que a evolu\u00e7\u00e3o dos \u00f3bitos das duas \u00faltimas semanas \u00e9 um pouco deslocada da notifica\u00e7\u00e3o de casos novos para covid-19\u201d, disse.<\/p>\n<p><strong>Regi\u00f5es<\/strong><\/p>\n<p>Os crescimentos das curvas foram diferentes entre regi\u00f5es do pa\u00eds. Quando considerada a evolu\u00e7\u00e3o dos casos, as varia\u00e7\u00f5es positivas da \u00faltima semana epidemiol\u00f3gica em rela\u00e7\u00e3o \u00e0 anterior foram de 38% no Nordeste, 23% no Centro-Oeste, 17% no Sul e 16% no Norte e negativa no Sudeste, ap\u00f3s uma amplia\u00e7\u00e3o grande na semana 45.<\/p>\n<p>Na an\u00e1lise das mortes por covid-19, os maiores acr\u00e9scimos entre as semanas 47 e 48 se deram no Sul (36%), Centro-Oeste e Norte (17%) e Nordeste (10%), com o Sudeste mantendo praticamente uma estabilidade (-1%).<\/p>\n<p><strong>Mortes<\/strong><\/p>\n<p>Das mais de 175 mil mortes para covid-19 at\u00e9 agora, 73,8% foram de idosos, pessoas de 60 anos ou mais. A faixa com mais fatalidades \u00e9 a de 70 a 79 anos, onde ocorreram mais de 25% dos falecimentos.<\/p>\n<p>Quanto ao g\u00eanero, permanece a propor\u00e7\u00e3o de boletins epidemiol\u00f3gicos anteriores, com 42% das v\u00edtimas fatais mulheres e 58% homens. No quesito ra\u00e7a e cor, 36,9% eram pardos, 34,9% eram brancos, 5,5% eram pretos, 1,1% eram amarelos, 0,4% eram ind\u00edgenas e 21,2% n\u00e3o se identificaram.<\/p>\n<p><strong>Vacinas<\/strong><\/p>\n<p>O secret\u00e1rio de Vigil\u00e2ncia em Sa\u00fade abordou o plano de imuniza\u00e7\u00e3o. Ele destacou que a vacina precisa ter elevada efic\u00e1cia, seguran\u00e7a, possibilidade de uso em todas as faixas et\u00e1rias e ter tecnologia de baixo custo para permitir vacinar a popula\u00e7\u00e3o.<\/p>\n<p>Medeiros voltou a apresentar os crit\u00e9rios das quatro fases do plano de imuniza\u00e7\u00e3o contra a covid-19 anunciado nesta semana pelo minist\u00e9rio. Ele recomendou \u00e0s pessoas que procurem os postos de sa\u00fade para se cadastrar ou atualizar os registros feitos no passado.<\/p>\n<p>A coordenadora do Programa Nacional de Imuniza\u00e7\u00e3o, Francieli Fantinato, disse que a escolha dos p\u00fablicos foi feita em cima do risco de agravamento da doen\u00e7a e da exposi\u00e7\u00e3o ao v\u00edrus.<\/p>\n<p><em>\u201cA partir do momento que se tem mais vacinas licenciadas e mais quantitativos dispon\u00edveis, h\u00e1 que se pensar e planejar a inser\u00e7\u00e3o de novos grupos, principalmente no que diz respeito \u00e0 manuten\u00e7\u00e3o dos servi\u00e7os essenciais no pa\u00eds\u201d, afirmou.<\/em><\/p>\n<p>Fonte: Ag\u00eancia Brasil<\/p>\n","protected":false},"excerpt":{"rendered":"<p>Crescimentos das curvas foram diferentes entre regi\u00f5es do pa\u00eds O Minist\u00e9rio da Sa\u00fade apresentou em entrevista coletiva nesta quinta-feira (3) os dados mais recentes sobre&#8230;<\/p>\n","protected":false},"author":1182,"featured_media":28629,"comment_status":"closed","ping_status":"closed","sticky":false,"template":"","format":"standard","meta":{"footnotes":""},"categories":[6],"tags":[61,2778,2751,1005,59,366,519],"class_list":["post-32832","post","type-post","status-publish","format-standard","has-post-thumbnail","hentry","category-noticias","tag-brasil","tag-casos","tag-covid-19","tag-mortes","tag-rio-de-janeiro","tag-sao-paulo","tag-saude"],"_links":{"self":[{"href":"https:\/\/www.sincomam.org.br\/index.php\/wp-json\/wp\/v2\/posts\/32832","targetHints":{"allow":["GET"]}}],"collection":[{"href":"https:\/\/www.sincomam.org.br\/index.php\/wp-json\/wp\/v2\/posts"}],"about":[{"href":"https:\/\/www.sincomam.org.br\/index.php\/wp-json\/wp\/v2\/types\/post"}],"author":[{"embeddable":true,"href":"https:\/\/www.sincomam.org.br\/index.php\/wp-json\/wp\/v2\/users\/1182"}],"replies":[{"embeddable":true,"href":"https:\/\/www.sincomam.org.br\/index.php\/wp-json\/wp\/v2\/comments?post=32832"}],"version-history":[{"count":1,"href":"https:\/\/www.sincomam.org.br\/index.php\/wp-json\/wp\/v2\/posts\/32832\/revisions"}],"predecessor-version":[{"id":32833,"href":"https:\/\/www.sincomam.org.br\/index.php\/wp-json\/wp\/v2\/posts\/32832\/revisions\/32833"}],"wp:featuredmedia":[{"embeddable":true,"href":"https:\/\/www.sincomam.org.br\/index.php\/wp-json\/wp\/v2\/media\/28629"}],"wp:attachment":[{"href":"https:\/\/www.sincomam.org.br\/index.php\/wp-json\/wp\/v2\/media?parent=32832"}],"wp:term":[{"taxonomy":"category","embeddable":true,"href":"https:\/\/www.sincomam.org.br\/index.php\/wp-json\/wp\/v2\/categories?post=32832"},{"taxonomy":"post_tag","embeddable":true,"href":"https:\/\/www.sincomam.org.br\/index.php\/wp-json\/wp\/v2\/tags?post=32832"}],"curies":[{"name":"wp","href":"https:\/\/api.w.org\/{rel}","templated":true}]}}