{"id":32821,"date":"2020-12-03T16:52:04","date_gmt":"2020-12-03T19:52:04","guid":{"rendered":"http:\/\/www.sincomam.org.br\/?p=32821"},"modified":"2020-12-03T16:52:04","modified_gmt":"2020-12-03T19:52:04","slug":"32821","status":"publish","type":"post","link":"https:\/\/www.sincomam.org.br\/index.php\/32821\/","title":{"rendered":""},"content":{"rendered":"<p><strong><em>LMTE n\u00e3o estipulou uma data para o equipamento entrar em opera\u00e7\u00e3o<\/em><\/strong><\/p>\n<p>O transformador que a estatal Centrais El\u00e9tricas do Norte do Brasil (Eletronorte) alugou temporariamente \u00e0 Linhas de Macap\u00e1 Transmissora de Energia (LMTE) para garantir o fornecimento de energia el\u00e9trica ao estado do Amap\u00e1 j\u00e1 est\u00e1 sendo transportado para a capital amapaense. A LMTE n\u00e3o estipulou uma data para que o equipamento esteja pronto para entrar em opera\u00e7\u00e3o.<\/p>\n<p>Segundo o Minist\u00e9rio de Minas e Energia, o transformador da Eletronorte foi retirado da subesta\u00e7\u00e3o de Boa Vista (RR) nesta quarta-feira (2). O transporte e a instala\u00e7\u00e3o do equipamento de cerca de 200 toneladas est\u00e1 a cargo da LMTE, respons\u00e1vel pela subesta\u00e7\u00e3o de Macap\u00e1 que, em novembro, foi atingida por um inc\u00eandio que afetou o fornecimento de energia el\u00e9trica para 13 das 16 cidades amapaenses por 21 dias.<\/p>\n<p>\u201cPara refor\u00e7ar a seguran\u00e7a das opera\u00e7\u00f5es da subesta\u00e7\u00e3o de Macap\u00e1, um terceiro transformador est\u00e1 em deslocamento, com previs\u00e3o de chegada nos pr\u00f3ximos dias\u201d, informou, hoje (3), a empresa privada. A LMTE disse que a transfer\u00eancia do equipamento da Eletronorte em regime de cess\u00e3o onerosa tempor\u00e1ria foi a forma encontrada para garantir, em curto espa\u00e7o de tempo, a plena seguran\u00e7a da opera\u00e7\u00e3o da subesta\u00e7\u00e3o de Macap\u00e1 e a estabilidade do fornecimento el\u00e9trico para todo o estado.<\/p>\n<p>De acordo com a LMTE, a data da chegada do transformador a Macap\u00e1 depende, entre outros fatores, das condi\u00e7\u00f5es clim\u00e1ticas, uma vez que o transporte das quase 200 toneladas de material em meio \u00e0 Regi\u00e3o Amaz\u00f4nica \u00e9 uma opera\u00e7\u00e3o complexa. Esse \u00e9 um dos motivos pelo qual, por cautela, a empresa tem evitado anunciar publicamente uma data para a conclus\u00e3o da montagem e da fase de testes do transformador. O Minist\u00e9rio de Minas e Energia, no entanto, revelou que a empresa tem sinalizado que o equipamento pode ser ligado ainda na segunda quinzena deste m\u00eas.<\/p>\n<p><strong>Seguran\u00e7a<\/strong><\/p>\n<p>Em nota, o Minist\u00e9rio de Minas e Energia minimizou o risco de novos incidentes ocorrerem enquanto a subesta\u00e7\u00e3o de Macap\u00e1 estiver operando com apenas dois transformadores \u2013 tal como no dia do inc\u00eandio que causou o apag\u00e3o em quase todo o estado. \u201cOs riscos foram minimizados\u201d, assegurou a pasta, citando, como exemplo de medidas j\u00e1 implementadas para garantir a seguran\u00e7a do abastecimento energ\u00e9tico, a instala\u00e7\u00e3o de geradores e a contrata\u00e7\u00e3o de gera\u00e7\u00e3o termel\u00e9trica de duas usinas operadas pela Eletronorte (UTEs Santana II e Santa Rita).<\/p>\n<p><em>\u201cO gabinete de crise acompanha de perto a situa\u00e7\u00e3o do atendimento ao Amap\u00e1 e a evolu\u00e7\u00e3o dos trabalhos para o restabelecimento da normalidade e confiabilidade do suprimento de energia\u201d, assegurou a pasta. <\/em><\/p>\n<p>Ontem (2), o ministro Bento Albuquerque esteve em Macap\u00e1 pela quinta vez desde o in\u00edcio da crise no fornecimento energ\u00e9tico. Na companhia de representantes da Aneel, da Eletronorte, do ONS, da Empresa de Pesquisa Energ\u00e9tica (EPE), Albuquerque visitou a subesta\u00e7\u00e3o da LMTE e, depois, se reuniu com o governador do estado, Waldez G\u00f3es.<\/p>\n<p>Segundo a assessoria do governo estadual, o ministro antecipou que, no pr\u00f3ximo dia 7, anunciar\u00e1 um \u201cplano de estrutura\u00e7\u00e3o integral da rede de abastecimento energ\u00e9tico\u201d estadual e os primeiros resultados das an\u00e1lises para apurar as causas e as responsabilidades pelo inc\u00eandio na subesta\u00e7\u00e3o de Macap\u00e1 e pelo apag\u00e3o.<\/p>\n<p><strong>Aluguel<\/strong><\/p>\n<p>A LMTE n\u00e3o informou o quanto pagar\u00e1 \u00e0 Eletronorte pelos transformadores, nem por quanto tempo o equipamento de Boa Vista permanecer\u00e1 em Macap\u00e1, mas anunciou que j\u00e1 adquiriu outros dois novos aparelhos para \u201crefor\u00e7ar a seguran\u00e7a da transmiss\u00e3o de energia no estado\u201d.<\/p>\n<p><em>\u201cOs novos equipamentos, em fabrica\u00e7\u00e3o, substituir\u00e3o os dois transformadores que est\u00e3o atendendo, de maneira plena e sem interrup\u00e7\u00f5es, \u00e0 demanda atual do distribuidor de energia\u201d, disse a empresa, sem informar quando os dois novos equipamentos devem come\u00e7ar a funcionar. <\/em><\/p>\n<p>Em nota, o governo do Amap\u00e1 atribuiu ao Minist\u00e9rio de Minas e Energia a informa\u00e7\u00e3o de que os dois novos transformadores devem chegar ao estado em at\u00e9 dez meses.<\/p>\n<p>Especificamente sobre o transformador deslocado de Boa Vista, a LMTE informou, em nota, que o equipamento se encontrava \u201cexcedente no setor\u201d, e servir\u00e1 como um reserva para os outros dois aparelhos em funcionamento na subesta\u00e7\u00e3o de Macap\u00e1. Por seguran\u00e7a, as subesta\u00e7\u00f5es amapaenses operam com tr\u00eas transformadores. A de Macap\u00e1, que foi atingida pelo inc\u00eandio, contava com tr\u00eas equipamentos, mas um deles estava em manuten\u00e7\u00e3o desde ao menos dezembro de 2019.<\/p>\n<p>A decis\u00e3o de transferir o aparelho de Boa Vista para Macap\u00e1 foi do gabinete de crise, segundo a LMTE, que assegurou que os dois transformadores j\u00e1 em funcionamento s\u00e3o capazes de atender integralmente \u00e0s necessidades da subesta\u00e7\u00e3o, permitindo o fornecimento de energia el\u00e9trica \u00e0 popula\u00e7\u00e3o.<\/p>\n<p>Um desses dois transformadores voltou a funcionar na madrugada do dia 7, ap\u00f3s ser consertado. O outro foi transferido de Laranjal do Jari, permitindo que o servi\u00e7o fosse integralmente restabelecido e o rod\u00edzio suspenso no \u00faltimo dia 24.<\/p>\n<p><strong>Reuni\u00e3o<\/strong><\/p>\n<p>A cess\u00e3o onerosa tempor\u00e1ria do transformador que a Eletrobras mantinha em sua subesta\u00e7\u00e3o de Boa Vista foi autorizada pelo gabinete de gest\u00e3o de crise que o Minist\u00e9rio de Minas e Energia criou em 4 de novembro. O gabinete foi institu\u00eddo para centralizar as a\u00e7\u00f5es adotadas a fim de restabelecer o fornecimento de energia el\u00e9trica ap\u00f3s o blecaute causado pelo inc\u00eandio na subesta\u00e7\u00e3o da LMTE, em Macap\u00e1. Al\u00e9m de representantes do minist\u00e9rio, da Eletronorte e da pr\u00f3pria concession\u00e1ria, integram o gabinete membros da Ag\u00eancia Nacional de Energia El\u00e9trica (Aneel) e do Operador Nacional do Sistema El\u00e9trico (ONS) e da Companhia de Eletricidade do Amap\u00e1 (CEA).<\/p>\n<p>No dia 27 de novembro, a medida foi ratificada pela diretoria da Aneel. Durante reuni\u00e3o extraordin\u00e1ria do colegiado, os diretores da ag\u00eancia reguladora tamb\u00e9m determinaram que o transformador transferido para a subesta\u00e7\u00e3o Macap\u00e1 seja considerado dispon\u00edvel pelo tempo que durar a cess\u00e3o, garantindo a Eletronorte a manuten\u00e7\u00e3o da parcela de receita do equipamento. \u201cO gabinete de crise deliberou pela transfer\u00eancia, em car\u00e1ter provis\u00f3rio, do transformador instalado na subesta\u00e7\u00e3o de Boa Vista para a de Macap\u00e1, como uma alternativa de curto prazo mais vi\u00e1vel para o imediato restabelecimento de fornecimento de energia para o Amap\u00e1\u201d, apontou o diretor da Aneel, Efrain Pereira da Cruz, relator do processo que resultou no aval da Aneel. Decis\u00e3o que se aplica tamb\u00e9m \u00e0 cess\u00e3o, pela Eletronorte, de um outro transformador que ser\u00e1 transferido da subesta\u00e7\u00e3o que a estatal mant\u00e9m em Vila do Conde, no Par\u00e1, para uma subesta\u00e7\u00e3o de Laranjal do Jari (AP), pertencente a LMTE.<\/p>\n<p>De acordo com o Minist\u00e9rio de Minas e Energia, o equipamento de Vila do Conde come\u00e7ou a ser desmontado ontem (2) e deve chegar ao Amap\u00e1 em breve. A pasta sustenta que a transfer\u00eancia dos dois transformadores da Eletronorte \u201cvisa a ampliar a confiabilidade do fornecimento de energia el\u00e9trica para todos os consumidores do Amap\u00e1\u201d.<\/p>\n<p>Fonte: Ag\u00eancia Brasil \/ Foto: divulga\u00e7\u00e3o Minist\u00e9rio Minas e Energia<\/p>\n","protected":false},"excerpt":{"rendered":"<p>LMTE n\u00e3o estipulou uma data para o equipamento entrar em opera\u00e7\u00e3o O transformador que a estatal Centrais El\u00e9tricas do Norte do Brasil (Eletronorte) alugou temporariamente&#8230;<\/p>\n","protected":false},"author":1182,"featured_media":32822,"comment_status":"closed","ping_status":"closed","sticky":false,"template":"","format":"standard","meta":{"footnotes":""},"categories":[6],"tags":[],"class_list":["post-32821","post","type-post","status-publish","format-standard","has-post-thumbnail","hentry","category-noticias"],"_links":{"self":[{"href":"https:\/\/www.sincomam.org.br\/index.php\/wp-json\/wp\/v2\/posts\/32821","targetHints":{"allow":["GET"]}}],"collection":[{"href":"https:\/\/www.sincomam.org.br\/index.php\/wp-json\/wp\/v2\/posts"}],"about":[{"href":"https:\/\/www.sincomam.org.br\/index.php\/wp-json\/wp\/v2\/types\/post"}],"author":[{"embeddable":true,"href":"https:\/\/www.sincomam.org.br\/index.php\/wp-json\/wp\/v2\/users\/1182"}],"replies":[{"embeddable":true,"href":"https:\/\/www.sincomam.org.br\/index.php\/wp-json\/wp\/v2\/comments?post=32821"}],"version-history":[{"count":1,"href":"https:\/\/www.sincomam.org.br\/index.php\/wp-json\/wp\/v2\/posts\/32821\/revisions"}],"predecessor-version":[{"id":32823,"href":"https:\/\/www.sincomam.org.br\/index.php\/wp-json\/wp\/v2\/posts\/32821\/revisions\/32823"}],"wp:featuredmedia":[{"embeddable":true,"href":"https:\/\/www.sincomam.org.br\/index.php\/wp-json\/wp\/v2\/media\/32822"}],"wp:attachment":[{"href":"https:\/\/www.sincomam.org.br\/index.php\/wp-json\/wp\/v2\/media?parent=32821"}],"wp:term":[{"taxonomy":"category","embeddable":true,"href":"https:\/\/www.sincomam.org.br\/index.php\/wp-json\/wp\/v2\/categories?post=32821"},{"taxonomy":"post_tag","embeddable":true,"href":"https:\/\/www.sincomam.org.br\/index.php\/wp-json\/wp\/v2\/tags?post=32821"}],"curies":[{"name":"wp","href":"https:\/\/api.w.org\/{rel}","templated":true}]}}