{"id":32778,"date":"2020-12-02T13:44:28","date_gmt":"2020-12-02T16:44:28","guid":{"rendered":"http:\/\/www.sincomam.org.br\/?p=32778"},"modified":"2020-12-02T13:44:43","modified_gmt":"2020-12-02T16:44:43","slug":"mercado-portuario-e-da-navegacao-entram-firme-na-era-da-digitalizacao","status":"publish","type":"post","link":"https:\/\/www.sincomam.org.br\/index.php\/mercado-portuario-e-da-navegacao-entram-firme-na-era-da-digitalizacao\/","title":{"rendered":"Mercado portu\u00e1rio e da navega\u00e7\u00e3o entram firme na era da digitaliza\u00e7\u00e3o"},"content":{"rendered":"<p>O assunto foi um dos temas do painel \u201cOferta x demanda 2021, digitaliza\u00e7\u00e3o, New Panamax\u201d durante a <em>Logistique Web Conference,<\/em> na programa\u00e7\u00e3o da edi\u00e7\u00e3o 2020 da Logistique &#8211; Feira e Congresso de Log\u00edstica e Neg\u00f3cios Multimodais. De 4 a 6 de novembro.<\/p>\n<p>A reorganiza\u00e7\u00e3o do transporte mar\u00edtimo em raz\u00e3o da pandemia do novo coronav\u00edrus (Covid-19) fez com que as empresas investissem em tecnologia e no desenvolvimento e aquisi\u00e7\u00e3o de ferramentas para a digitaliza\u00e7\u00e3o dos processos e intera\u00e7\u00e3o com seus clientes.<\/p>\n<p>Procedimentos que j\u00e1 eram adotados por armadores ao redor do planeta, com o isolamento social acabou ganhando seu espa\u00e7o em empresas de menor porte. Inclusive, a pandemia quebrou a resist\u00eancia de setores mais conservadores, que por imposi\u00e7\u00e3o do mercado acabaram partindo para o meio digital.<\/p>\n<p>O assunto foi um dos temas do painel \u201cOferta x demanda 2021, digitaliza\u00e7\u00e3o, New Panamax\u201d durante a Logistique Web Conference, na programa\u00e7\u00e3o da edi\u00e7\u00e3o 2020 da Logistique &#8211; Feira e Congresso de Log\u00edstica e Neg\u00f3cios Multimodais. As discuss\u00f5es na \u00edntegra podem ser conferidas no canal da Logistique no YouTube, link: https:\/\/www.youtube.com\/watch?v=kqG5YSXTk8Y&amp;t=1536s.<\/p>\n<p>\u201cAssim como na primeira, segunda e terceira, agora na quarta revolu\u00e7\u00e3o industrial a m\u00e1quina vem tomando conta de n\u00f3s. Vejo que n\u00e3o tem mais retorno. A digitaliza\u00e7\u00e3o dominou grande parte dos setores econ\u00f4micos e tomou conta do mercado mar\u00edtimo\u201d, diz o consultor da Solve Shipping Inteligence Specialists e especialista em Economia Internacional e Intelig\u00eancia Competitiva, Leandro Carelli Barreto.<\/p>\n<p>Julian Thomas, presidente do Grupo Maersk para o Brasil, Argentina, Uruguai e Paraguai, concorda com Barreto e acrescenta que os armadores do grupo A.P.Moller [controlador da Maersk Line] foram os precursores e hoje lideram em diversos aspectos o processo de digitaliza\u00e7\u00e3o no mercado da navega\u00e7\u00e3o. \u201cPara a Maersk os investimentos na digitaliza\u00e7\u00e3o dos processos e procedimentos s\u00e3o fundamentais para a efici\u00eancia dos servi\u00e7os e solu\u00e7\u00f5es log\u00edsticas oferecidas pelas empresas do grupo, a conex\u00e3o entre empresa e clientes e tamb\u00e9m simplificar os processos\u201d, diz o gestor.<\/p>\n<p>Segundo Thomas, a ado\u00e7\u00e3o de ferramentas digitais ainda possibilita que os clientes busquem as melhores solu\u00e7\u00f5es com os custos mais competitivos. \u201cOs investimentos nos processos de digitaliza\u00e7\u00e3o aplicados \u00e0 log\u00edstica causaram uma verdadeira revolu\u00e7\u00e3o no setor. Tamb\u00e9m agregam agilidade, credibilidade e qualidade aos servi\u00e7os e reduz significativamente os custos\u201d, acrescenta.<\/p>\n<p>O diretor de log\u00edstica global da BRF Alimentos, Jos\u00e9 Perottoni, diz que embora empresas do porte da gigante BRF [fruto da fus\u00e3o Sadia e Perdig\u00e3o] trabalhe com contratos anuais de frete, n\u00e3o usando as ferramentas digitais para cota\u00e7\u00f5es, diz que a digitaliza\u00e7\u00e3o \u00e9 visto como um grande avan\u00e7o nos servi\u00e7os log\u00edsticos. \u201cPossibilitam um melhor rastreamento, reduzem significativamente a burocracia e aproximam o exportador dos \u00f3rg\u00e3os intervenientes. \u201cA digitaliza\u00e7\u00e3o nos possibilita uma nova forma de fazer neg\u00f3cios\u201d, acrescenta.<\/p>\n<p>Daniel Kokot, o gerente de Com\u00e9rcio Exterior da Berneck SA, diz que o setor exportador de madeiras e outras cargas secas, como o caso da Berneck, os avan\u00e7os foram significativos. \u201cHoje sabemos realmente os espa\u00e7os que temos a disposi\u00e7\u00e3o nos navios, podemos negociar melhor os pre\u00e7os e acompanhar cada fase do transporte\u201d, acrescenta o executivo.<\/p>\n<p><strong>Portos entram na era digital <\/strong><\/p>\n<p>\u201cPrecisamos quebrar certos paradigmas e agilizar investimentos em sistemas e procedimentos que promovam maior planejamento e menores cures custos para as opera\u00e7\u00f5es log\u00edsticas\u201d, diz o presidente do Porto Itapo\u00e1, C\u00e1ssio Schreiner. O gestor diz que o Terminal j\u00e1 opera com uma s\u00e9rie de ferramentas que facilitam o acesso e melhoram a performance dos servi\u00e7os. \u201cComo gestores devemos ver a digitaliza\u00e7\u00e3o como oportunidade\u201d, acrescenta Schreiner, destacando que, se por um lado as cargas ficam armazenadas por menos tempos nos portos, por outro, as ferramentas aumentam a disponibilidade de espa\u00e7os, aumentam a capacidade operacional e efici\u00eancia dos servi\u00e7os. \u201cReduzem, inclusive, investimentos na amplia\u00e7\u00e3o de \u00e1reas f\u00edsicas.\u201d<\/p>\n<p>O presidente dos Portos do Paran\u00e1, Luiz Fernando Garcia da Silva, diz que os gestores do Porto P\u00fablico de Paranagu\u00e1 e demais terminais que integram o Porto Organizado est\u00e3o fazendo pesados investimentos em ferramentas e sistemas para agilizar os processos, reduzir burocracia e melhorar a conex\u00e3o com usu\u00e1rios e \u00f3rg\u00e3os intervenientes. \u201cFirmamos um acordo de coopera\u00e7\u00e3o com a Val\u00eancia Port [refer\u00eancia no desenvolvimentos de sistemas de gest\u00e3o portu\u00e1ria] para o desenvolvimento de plataforma que, ap\u00f3s implantada, coloque os Portos do Paran\u00e1 em n\u00edvel de igualdade com portos europeus e asi\u00e1ticos\u201d, diz.<\/p>\n<p>Fonte: Revista Portu\u00e1ria<\/p>\n","protected":false},"excerpt":{"rendered":"<p>O assunto foi um dos temas do painel \u201cOferta x demanda 2021, digitaliza\u00e7\u00e3o, New Panamax\u201d durante a Logistique Web Conference, na programa\u00e7\u00e3o da edi\u00e7\u00e3o 2020&#8230;<\/p>\n","protected":false},"author":1182,"featured_media":18961,"comment_status":"closed","ping_status":"closed","sticky":false,"template":"","format":"standard","meta":{"footnotes":""},"categories":[6],"tags":[2860,65,922,4139,663,886,1026],"class_list":["post-32778","post","type-post","status-publish","format-standard","has-post-thumbnail","hentry","category-noticias","tag-digital","tag-empresas","tag-evento","tag-logistique-web-conference","tag-mercado","tag-navegacao","tag-portuario"],"_links":{"self":[{"href":"https:\/\/www.sincomam.org.br\/index.php\/wp-json\/wp\/v2\/posts\/32778","targetHints":{"allow":["GET"]}}],"collection":[{"href":"https:\/\/www.sincomam.org.br\/index.php\/wp-json\/wp\/v2\/posts"}],"about":[{"href":"https:\/\/www.sincomam.org.br\/index.php\/wp-json\/wp\/v2\/types\/post"}],"author":[{"embeddable":true,"href":"https:\/\/www.sincomam.org.br\/index.php\/wp-json\/wp\/v2\/users\/1182"}],"replies":[{"embeddable":true,"href":"https:\/\/www.sincomam.org.br\/index.php\/wp-json\/wp\/v2\/comments?post=32778"}],"version-history":[{"count":2,"href":"https:\/\/www.sincomam.org.br\/index.php\/wp-json\/wp\/v2\/posts\/32778\/revisions"}],"predecessor-version":[{"id":32780,"href":"https:\/\/www.sincomam.org.br\/index.php\/wp-json\/wp\/v2\/posts\/32778\/revisions\/32780"}],"wp:featuredmedia":[{"embeddable":true,"href":"https:\/\/www.sincomam.org.br\/index.php\/wp-json\/wp\/v2\/media\/18961"}],"wp:attachment":[{"href":"https:\/\/www.sincomam.org.br\/index.php\/wp-json\/wp\/v2\/media?parent=32778"}],"wp:term":[{"taxonomy":"category","embeddable":true,"href":"https:\/\/www.sincomam.org.br\/index.php\/wp-json\/wp\/v2\/categories?post=32778"},{"taxonomy":"post_tag","embeddable":true,"href":"https:\/\/www.sincomam.org.br\/index.php\/wp-json\/wp\/v2\/tags?post=32778"}],"curies":[{"name":"wp","href":"https:\/\/api.w.org\/{rel}","templated":true}]}}