{"id":32761,"date":"2020-12-02T10:16:04","date_gmt":"2020-12-02T13:16:04","guid":{"rendered":"http:\/\/www.sincomam.org.br\/?p=32761"},"modified":"2020-12-02T10:16:04","modified_gmt":"2020-12-02T13:16:04","slug":"caixa-paga-r-12-bi-de-auxilio-emergencial-a-nascidos-em-julho","status":"publish","type":"post","link":"https:\/\/www.sincomam.org.br\/index.php\/caixa-paga-r-12-bi-de-auxilio-emergencial-a-nascidos-em-julho\/","title":{"rendered":"Caixa paga R$ 1,2 bi de aux\u00edlio emergencial a nascidos em julho"},"content":{"rendered":"<p><strong><em>Recebem o benef\u00edcio 3,4 milh\u00f5es que n\u00e3o fazem parte do Bolsa Fam\u00edlia<\/em><\/strong><\/p>\n<p>A Caixa Econ\u00f4mica Federal paga hoje (2) o aux\u00edlio emergencial para 3,4 milh\u00f5es de brasileiros nascidos em julho. Ser\u00e3o liberados R$ 1,2 bilh\u00e3o para benefici\u00e1rios que n\u00e3o fazem parte do Bolsa Fam\u00edlia, no ciclo 5 de pagamentos do programa. Os pertencentes ao Bolsa Fam\u00edlia recebem de acordo com o calend\u00e1rio do programa social.<\/p>\n<p>Do total, 176,8 mil receber\u00e3o R$ 117,2 milh\u00f5es referentes a parcela do aux\u00edlio emergencial regular, no valor de R$ 600 (R$ 1,2 mil para m\u00e3es chefes de fam\u00edlia). Os demais, 3,2 milh\u00f5es, ser\u00e3o contemplados com parcela do aux\u00edlio emergencial extens\u00e3o de R$ 300 (R$ 600 para m\u00e3es chefes de fam\u00edlia), num total de R$ 1,1 bilh\u00e3o.<\/p>\n<p>Os recursos estar\u00e3o dispon\u00edveis na poupan\u00e7a social digital e poder\u00e3o ser movimentados pelo aplicativo Caixa Tem. Com ele \u00e9 poss\u00edvel fazer compras na internet e nas maquininhas em diversos estabelecimentos comerciais, por meio do cart\u00e3o de d\u00e9bito virtual e QR Code. O benefici\u00e1rio tamb\u00e9m pode pagar boletos e contas, como \u00e1gua e telefone, pelo pr\u00f3prio aplicativo ou nas casas lot\u00e9ricas.<\/p>\n<p>O calend\u00e1rio de pagamentos do aux\u00edlio emergencial \u00e9 organizado em ciclos de cr\u00e9dito em conta poupan\u00e7a social digital e de saque em esp\u00e9cie. Os benefici\u00e1rios recebem a parcela a que t\u00eam direito no per\u00edodo, de acordo com o m\u00eas de nascimento.<\/p>\n<p>Saques e transfer\u00eancias para quem recebe o cr\u00e9dito nesta sexta-feira ser\u00e3o liberados a partir do dia 15 de janeiro. A partir dessa data, o benefici\u00e1rio poder\u00e1 retirar o aux\u00edlio emergencial no caixa eletr\u00f4nico, nas ag\u00eancias da Caixa ou lot\u00e9ricas ou usar o aplicativo Caixa Tem para transferir o dinheiro da poupan\u00e7a digital para contas em outros bancos, sem o pagamento de tarifas.<\/p>\n<p>O aux\u00edlio emergencial criado em abril pelo governo federal, pago em cinco parcelas de R$ 600 ou R$ 1,2 mil, foi estendido at\u00e9 31 de dezembro, por meio da Medida Provis\u00f3ria (MP) 1000. O aux\u00edlio emergencial extens\u00e3o ser\u00e1 pago em at\u00e9 quatro parcelas de R$ 300,00 cada; no caso das m\u00e3es chefes de fam\u00edlia monoparental, o valor \u00e9 de R$ 600,00. Somente aqueles que j\u00e1 foram beneficiados e se enquadram nos novos requisitos estabelecidos na MP est\u00e3o recebendo o benef\u00edcio.<\/p>\n<p>Fonte: Ag\u00eancia Brasil<\/p>\n","protected":false},"excerpt":{"rendered":"<p>Recebem o benef\u00edcio 3,4 milh\u00f5es que n\u00e3o fazem parte do Bolsa Fam\u00edlia A Caixa Econ\u00f4mica Federal paga hoje (2) o aux\u00edlio emergencial para 3,4 milh\u00f5es&#8230;<\/p>\n","protected":false},"author":1182,"featured_media":29243,"comment_status":"closed","ping_status":"closed","sticky":false,"template":"","format":"standard","meta":{"footnotes":""},"categories":[6],"tags":[1757,2377,1061,390,432,3401],"class_list":["post-32761","post","type-post","status-publish","format-standard","has-post-thumbnail","hentry","category-noticias","tag-auxilio","tag-beneficio","tag-bolsa-familia","tag-caixa","tag-emergencial","tag-julho"],"_links":{"self":[{"href":"https:\/\/www.sincomam.org.br\/index.php\/wp-json\/wp\/v2\/posts\/32761","targetHints":{"allow":["GET"]}}],"collection":[{"href":"https:\/\/www.sincomam.org.br\/index.php\/wp-json\/wp\/v2\/posts"}],"about":[{"href":"https:\/\/www.sincomam.org.br\/index.php\/wp-json\/wp\/v2\/types\/post"}],"author":[{"embeddable":true,"href":"https:\/\/www.sincomam.org.br\/index.php\/wp-json\/wp\/v2\/users\/1182"}],"replies":[{"embeddable":true,"href":"https:\/\/www.sincomam.org.br\/index.php\/wp-json\/wp\/v2\/comments?post=32761"}],"version-history":[{"count":1,"href":"https:\/\/www.sincomam.org.br\/index.php\/wp-json\/wp\/v2\/posts\/32761\/revisions"}],"predecessor-version":[{"id":32762,"href":"https:\/\/www.sincomam.org.br\/index.php\/wp-json\/wp\/v2\/posts\/32761\/revisions\/32762"}],"wp:featuredmedia":[{"embeddable":true,"href":"https:\/\/www.sincomam.org.br\/index.php\/wp-json\/wp\/v2\/media\/29243"}],"wp:attachment":[{"href":"https:\/\/www.sincomam.org.br\/index.php\/wp-json\/wp\/v2\/media?parent=32761"}],"wp:term":[{"taxonomy":"category","embeddable":true,"href":"https:\/\/www.sincomam.org.br\/index.php\/wp-json\/wp\/v2\/categories?post=32761"},{"taxonomy":"post_tag","embeddable":true,"href":"https:\/\/www.sincomam.org.br\/index.php\/wp-json\/wp\/v2\/tags?post=32761"}],"curies":[{"name":"wp","href":"https:\/\/api.w.org\/{rel}","templated":true}]}}