{"id":32759,"date":"2020-12-02T10:09:32","date_gmt":"2020-12-02T13:09:32","guid":{"rendered":"http:\/\/www.sincomam.org.br\/?p=32759"},"modified":"2020-12-02T10:09:32","modified_gmt":"2020-12-02T13:09:32","slug":"covid-19-plano-nacional-de-vacinacao-tera-quatro-fases","status":"publish","type":"post","link":"https:\/\/www.sincomam.org.br\/index.php\/covid-19-plano-nacional-de-vacinacao-tera-quatro-fases\/","title":{"rendered":"Covid-19: plano nacional de vacina\u00e7\u00e3o ter\u00e1 quatro fases"},"content":{"rendered":"<p><strong><em>Proposta preliminar foi discutida em reuni\u00e3o com Minist\u00e9rio da Sa\u00fade e outras institui\u00e7\u00f5es<\/em><\/strong><\/p>\n<p>O plano nacional de vacina\u00e7\u00e3o contra a covid-19 ter\u00e1 quatro fases. Em cada etapa ser\u00e3o atendidos determinados tipos de p\u00fablicos, escolhidos a partir do risco da evolu\u00e7\u00e3o para quadros graves diante da infec\u00e7\u00e3o, da exposi\u00e7\u00e3o ao v\u00edrus e de aspectos epidemiol\u00f3gicos da manifesta\u00e7\u00e3o da pandemia no pa\u00eds.<\/p>\n<p>A proposta preliminar foi discutida em reuni\u00e3o realizada nesta segunda-feira (1\u00ba) com a participa\u00e7\u00e3o do Minist\u00e9rio da Sa\u00fade e outras institui\u00e7\u00f5es, como a Funda\u00e7\u00e3o Oswaldo Cruz, o Instituto Butantan, o Instituto Tecnol\u00f3gico do Paran\u00e1 e conselhos nacionais de secret\u00e1rios estaduais (Conass) e municipais (Conasems) de sa\u00fade.<\/p>\n<p>A primeira fase ter\u00e1 como prioridade trabalhadores de sa\u00fade, pessoas de 75 anos ou mais e idosos em institui\u00e7\u00f5es de longa perman\u00eancia (como asilos), bem como povos ind\u00edgenas. Na segunda fase a imuniza\u00e7\u00e3o ser\u00e1 focada nos idosos de 60 a 74 anos. Pacientes a partir de 60 anos s\u00e3o considerados grupo de risco pelo risco maior da contamina\u00e7\u00e3o evoluir para uma morte.<\/p>\n<p>Na terceira fase estar\u00e3o pessoas com comorbidades, condi\u00e7\u00f5es m\u00e9dicas que tamb\u00e9m favorecem um agravamento do quadro a partir da covid-19. Entre as doen\u00e7as cr\u00f4nicas inclu\u00eddas neste grupo est\u00e3o as cardiopatias e doen\u00e7as renais cr\u00f4nicas.<\/p>\n<p>A quarta fase vai focar em professores, for\u00e7as de seguran\u00e7a, trabalhadores do sistema prisional e pessoas privadas de liberdade. O conjunto destes segmentos soma 109,5 milh\u00f5es de pessoas, que dever\u00e3o receber, cada um, duas doses. No comunicado do Minist\u00e9rio sobre a reuni\u00e3o n\u00e3o h\u00e1 informa\u00e7\u00f5es sobre o restante da popula\u00e7\u00e3o.<\/p>\n<p>O Brasil j\u00e1 firmou acordo para compra de 100,4 milh\u00f5es de doses com o cons\u00f3rcio Oxford\/Astrazeneca e 42,5 milh\u00f5es no \u00e2mbito do grupo Covax Facility, que re\u00fane governos e empresas de diversos pa\u00edses.<\/p>\n<p>De acordo com o minist\u00e9rio, o planejamento apresentado pode sofrer altera\u00e7\u00f5es no decorrer dos debates sobre o esfor\u00e7o de imuniza\u00e7\u00e3o contra a covid-19. Os representantes da pasta informaram durante a reuni\u00e3o que est\u00e3o negociando a aquisi\u00e7\u00e3o de mais seringas e agulhas. O \u00f3rg\u00e3o est\u00e1 providenciando a aquisi\u00e7\u00e3o de 300 milh\u00f5es de seringas no mercado nacional e 40 milh\u00f5es no internacional.<\/p>\n<p>O Minist\u00e9rio da Sa\u00fade manteve reuni\u00e3o nas \u00faltimas semanas com outros grupos desenvolvendo vacinas, como Pfizer e Biontech (EUA e Alemanha), Instituto Gamaleya (R\u00fassia), Baharat Biontech (covaxin).<\/p>\n<p>Governo estaduais firmaram parcerias pr\u00f3prias, como o de S\u00e3o Paulo com Sinovac para a Coronavac e os governos do Paran\u00e1 e da Bahia com o Instituto Gamaleya para a Sputinik V, mas n\u00e3o houve an\u00fancio de planos espec\u00edficos. Nenhuma destas vacinas obteve ainda a autoriza\u00e7\u00e3o da Ag\u00eancia Nacional de Vigil\u00e2ncia Sanit\u00e1ria (Anvisa).<\/p>\n<p>Fonte: Ag\u00eancia Brasil<\/p>\n","protected":false},"excerpt":{"rendered":"<p>Proposta preliminar foi discutida em reuni\u00e3o com Minist\u00e9rio da Sa\u00fade e outras institui\u00e7\u00f5es O plano nacional de vacina\u00e7\u00e3o contra a covid-19 ter\u00e1 quatro fases. Em&#8230;<\/p>\n","protected":false},"author":1182,"featured_media":30124,"comment_status":"closed","ping_status":"closed","sticky":false,"template":"","format":"standard","meta":{"footnotes":""},"categories":[6],"tags":[2752,2751,3569,1362,2305,2766,239,674],"class_list":["post-32759","post","type-post","status-publish","format-standard","has-post-thumbnail","hentry","category-noticias","tag-coronavirus","tag-covid-19","tag-ministerio-da-saude","tag-nacional","tag-planejamento","tag-plano","tag-seguranca","tag-vacina"],"_links":{"self":[{"href":"https:\/\/www.sincomam.org.br\/index.php\/wp-json\/wp\/v2\/posts\/32759","targetHints":{"allow":["GET"]}}],"collection":[{"href":"https:\/\/www.sincomam.org.br\/index.php\/wp-json\/wp\/v2\/posts"}],"about":[{"href":"https:\/\/www.sincomam.org.br\/index.php\/wp-json\/wp\/v2\/types\/post"}],"author":[{"embeddable":true,"href":"https:\/\/www.sincomam.org.br\/index.php\/wp-json\/wp\/v2\/users\/1182"}],"replies":[{"embeddable":true,"href":"https:\/\/www.sincomam.org.br\/index.php\/wp-json\/wp\/v2\/comments?post=32759"}],"version-history":[{"count":1,"href":"https:\/\/www.sincomam.org.br\/index.php\/wp-json\/wp\/v2\/posts\/32759\/revisions"}],"predecessor-version":[{"id":32760,"href":"https:\/\/www.sincomam.org.br\/index.php\/wp-json\/wp\/v2\/posts\/32759\/revisions\/32760"}],"wp:featuredmedia":[{"embeddable":true,"href":"https:\/\/www.sincomam.org.br\/index.php\/wp-json\/wp\/v2\/media\/30124"}],"wp:attachment":[{"href":"https:\/\/www.sincomam.org.br\/index.php\/wp-json\/wp\/v2\/media?parent=32759"}],"wp:term":[{"taxonomy":"category","embeddable":true,"href":"https:\/\/www.sincomam.org.br\/index.php\/wp-json\/wp\/v2\/categories?post=32759"},{"taxonomy":"post_tag","embeddable":true,"href":"https:\/\/www.sincomam.org.br\/index.php\/wp-json\/wp\/v2\/tags?post=32759"}],"curies":[{"name":"wp","href":"https:\/\/api.w.org\/{rel}","templated":true}]}}