{"id":32756,"date":"2020-12-01T07:36:18","date_gmt":"2020-12-01T10:36:18","guid":{"rendered":"http:\/\/www.sincomam.org.br\/?p=32756"},"modified":"2020-12-01T07:36:18","modified_gmt":"2020-12-01T10:36:18","slug":"navio-erra-manobra-e-colide-com-outras-embarcacoes-no-terminal-da-ponta-da-madeira-em-sao-luis","status":"publish","type":"post","link":"https:\/\/www.sincomam.org.br\/index.php\/navio-erra-manobra-e-colide-com-outras-embarcacoes-no-terminal-da-ponta-da-madeira-em-sao-luis\/","title":{"rendered":"Navio erra manobra e colide com outras embarca\u00e7\u00f5es no Terminal da Ponta da Madeira, em S\u00e3o Lu\u00eds"},"content":{"rendered":"<p><strong><em>Em nota, Vale diz que preju\u00edzos foram apenas materiais e que as embarca\u00e7\u00f5es devem ser fundeadas em outro local para ser inspecionadas<\/em><\/strong><\/p>\n<p>Um navio de propriedade da empresa japonesa NS United Kaiun Kaisha colidiu com outros dois navios durante uma manobra de atraca\u00e7\u00e3o no Terminal Mar\u00edtimo de Ponta da Madeira, em S\u00e3o Lu\u00eds, na tarde deste s\u00e1bado (28). A Vale, propriet\u00e1ria do terminal, comunicou que houve apenas danos materiais e que o porto segue operando normalmente.<\/p>\n<p>Segundo a mineradora, a manobra de atraca\u00e7\u00e3o estava sendo feita pelo navio no P\u00eder IV Sul, do Terminal Mar\u00edtimo de Ponta da Madeira. Os dois navios atingidos estavam parados no P\u00eder III do mesmo terminal.<\/p>\n<p>A Vale explica, ainda, que os navios est\u00e3o sendo desatracados e at\u00e9 o fim da tarde deste domingo estar\u00e3o fundeados a 25 milhas do local para inspe\u00e7\u00f5es. As autoridades portu\u00e1rias foram acionadas e atuam na investiga\u00e7\u00e3o do incidente com apoio das equipes da Vale.<\/p>\n<p>O Terminal Mar\u00edtimo de Ponta da Madeira foi inaugurado em 1986 foi pensado para atender a necessidade de escoamento de min\u00e9rio de ferro e mangan\u00eas provenientes de Caraj\u00e1s \u2014 o trajeto \u00e9 todo feito por modal ferrovi\u00e1rio.<\/p>\n<p><strong>Veja, abaixo, a nota emitida pela Vale sobre o acidente:<\/strong><\/p>\n<p>&#8220;A Vale informa que no in\u00edcio da tarde de s\u00e1bado (28\/11), o navio NSU Caraj\u00e1s, de propriedade da empresa japonesa NS United Kaiun Kaisha, durante manobra de atraca\u00e7\u00e3o no P\u00eder IV Sul, do Terminal Mar\u00edtimo de Ponta da Madeira, abalroou dois outros navios atracados no P\u00eder III do referido terminal. Houve apenas danos materiais, sem v\u00edtimas nem danos ambientais. Os navios est\u00e3o sendo desatracados e at\u00e9 o fim da tarde deste domingo estar\u00e3o fundeados a 25 milhas do local para inspe\u00e7\u00f5es. O porto opera normalmente. As autoridades portu\u00e1rias foram acionadas e atuam na investiga\u00e7\u00e3o do incidente com apoio das equipes da Vale.&#8221;<\/p>\n<p><strong>Outro acidente em fevereiro<\/strong><\/p>\n<p>O navio Stellar Banner sofreu duas fissuras no casco no dia 25 de fevereiro, logo ap\u00f3s ter sa\u00eddo do Terminal Portu\u00e1rio da Ponta da Madeira em S\u00e3o Lu\u00eds, com destino a um comprador em Quingdo, na China. A embarca\u00e7\u00e3o possui capacidade para 300 mil toneladas de min\u00e9rio de ferro e tem 340 metros de comprimento, o equivalente a dois campos de futebol.<\/p>\n<p>Segundo a Capitania dos Portos do Maranh\u00e3o, logo ap\u00f3s identificar as fissuras no casco, o navio come\u00e7ou a afundar no Oceano Atl\u00e2ntico, a cerca de 100 km da costa do litoral do Maranh\u00e3o.<\/p>\n<p>Por conta da situa\u00e7\u00e3o de emerg\u00eancia, o comandante do navio emitiu um alerta e levou o Stellar Banner para um banco de areia, onde ficou encalhado. O navio tinha 20 tripulantes, sendo 12 coreanos e oito filipinos. Ningu\u00e9m ficou ferido.<\/p>\n<p>S\u00f3 ap\u00f3s tr\u00eas meses encalhado, o navio mercante sul-coreano Stellar Banner foi afundado \u00e0s 10h desta sexta-feira (12), na costa do Maranh\u00e3o. De acordo com a Marinha do Brasil, a opera\u00e7\u00e3o foi iniciada \u00e0s 5h e os procedimentos transcorreram como planejados pelas autoridades ambientais<\/p>\n<p>Fonte: G1 \/Foto: divulga\u00e7\u00e3o Vale<\/p>\n","protected":false},"excerpt":{"rendered":"<p>Em nota, Vale diz que preju\u00edzos foram apenas materiais e que as embarca\u00e7\u00f5es devem ser fundeadas em outro local para ser inspecionadas Um navio de&#8230;<\/p>\n","protected":false},"author":1182,"featured_media":32757,"comment_status":"closed","ping_status":"closed","sticky":false,"template":"","format":"standard","meta":{"footnotes":""},"categories":[6],"tags":[114,268,141,297,642,3134,47,4130,80,4131,656,573],"class_list":["post-32756","post","type-post","status-publish","format-standard","has-post-thumbnail","hentry","category-noticias","tag-acidente","tag-colisao","tag-embarcacoes","tag-investigacao","tag-madeira","tag-manobra","tag-navio","tag-ponta","tag-porto","tag-sao-luis","tag-terminal","tag-vale"],"_links":{"self":[{"href":"https:\/\/www.sincomam.org.br\/index.php\/wp-json\/wp\/v2\/posts\/32756","targetHints":{"allow":["GET"]}}],"collection":[{"href":"https:\/\/www.sincomam.org.br\/index.php\/wp-json\/wp\/v2\/posts"}],"about":[{"href":"https:\/\/www.sincomam.org.br\/index.php\/wp-json\/wp\/v2\/types\/post"}],"author":[{"embeddable":true,"href":"https:\/\/www.sincomam.org.br\/index.php\/wp-json\/wp\/v2\/users\/1182"}],"replies":[{"embeddable":true,"href":"https:\/\/www.sincomam.org.br\/index.php\/wp-json\/wp\/v2\/comments?post=32756"}],"version-history":[{"count":1,"href":"https:\/\/www.sincomam.org.br\/index.php\/wp-json\/wp\/v2\/posts\/32756\/revisions"}],"predecessor-version":[{"id":32758,"href":"https:\/\/www.sincomam.org.br\/index.php\/wp-json\/wp\/v2\/posts\/32756\/revisions\/32758"}],"wp:featuredmedia":[{"embeddable":true,"href":"https:\/\/www.sincomam.org.br\/index.php\/wp-json\/wp\/v2\/media\/32757"}],"wp:attachment":[{"href":"https:\/\/www.sincomam.org.br\/index.php\/wp-json\/wp\/v2\/media?parent=32756"}],"wp:term":[{"taxonomy":"category","embeddable":true,"href":"https:\/\/www.sincomam.org.br\/index.php\/wp-json\/wp\/v2\/categories?post=32756"},{"taxonomy":"post_tag","embeddable":true,"href":"https:\/\/www.sincomam.org.br\/index.php\/wp-json\/wp\/v2\/tags?post=32756"}],"curies":[{"name":"wp","href":"https:\/\/api.w.org\/{rel}","templated":true}]}}