{"id":32751,"date":"2020-12-01T01:10:24","date_gmt":"2020-12-01T04:10:24","guid":{"rendered":"http:\/\/www.sincomam.org.br\/?p=32751"},"modified":"2020-12-01T01:10:24","modified_gmt":"2020-12-01T04:10:24","slug":"governo-foca-aprovacao-da-br-do-mar-na-primeira-reuniao-apos-eleicoes","status":"publish","type":"post","link":"https:\/\/www.sincomam.org.br\/index.php\/governo-foca-aprovacao-da-br-do-mar-na-primeira-reuniao-apos-eleicoes\/","title":{"rendered":"Governo foca aprova\u00e7\u00e3o da BR do Mar na primeira reuni\u00e3o ap\u00f3s elei\u00e7\u00f5es"},"content":{"rendered":"<p>Na primeira reuni\u00e3o p\u00f3s-elei\u00e7\u00e3o, o l\u00edder do governo na C\u00e2mara, deputado Ricardo Barros (PP-PR), concentrou esfor\u00e7os na discuss\u00e3o sobre o projeto de mudan\u00e7as nas regras sobre cabotagem (navega\u00e7\u00e3o costeira), batizado pelo governo de BR do Mar, e n\u00e3o tratou da reforma tribut\u00e1ria nem da Proposta de Emenda Constitucional (PEC) Emergencial.<\/p>\n<p>Havia expectativa de que, passado o segundo turno da elei\u00e7\u00e3o municipal, o governo apresentasse as propostas sobre os dois temas. A PEC Emergencial, de corte de despesas obrigat\u00f3rias para abrir espa\u00e7o no Or\u00e7amento para ampliar o Bolsa Fam\u00edlia, est\u00e1 em tramita\u00e7\u00e3o no Senado. J\u00e1 a reforma tribut\u00e1ria \u00e9 a pauta principal que o presidente da C\u00e2mara, Rodrigo Maia (DEM-RJ), tenta votar neste fim de ano.<\/p>\n<p>Segundo l\u00edderes que participaram da reuni\u00e3o desta segunda-feira, haver\u00e1 um segundo encontro na quarta-feira, \u00e0s 9h, antes da sess\u00e3o da C\u00e2mara, para continuar o assunto. Os parlamentares aguardam para saber se o presidente da C\u00e2mara, Rodrigo Maia (DEM-RJ), convocar\u00e1 uma reuni\u00e3o com todos os partidos para decidir os projetos que ser\u00e3o votados at\u00e9 o fim do ano.<br \/>\nMesmo o projeto da BR do Mar, foco das aten\u00e7\u00f5es do governo nesta segunda-feira, est\u00e1 com dificuldades para avan\u00e7ar. H\u00e1 press\u00e3o contr\u00e1ria dos caminhoneiros, diverg\u00eancias dentro da base do governo e a oposi\u00e7\u00e3o tenta adiar sua vota\u00e7\u00e3o para depois da elei\u00e7\u00e3o das Mesas Diretoras do Congresso, em 1\u00ba de fevereiro.<\/p>\n<p>Restam tr\u00eas semanas e meia para o recesso parlamentar. Parte dos deputados defende que ser\u00e1 preciso um grande esfor\u00e7o para votar os projetos at\u00e9 o dia 23 de dezembro ou suspender parte do recesso, retomando as atividades na segunda semana de janeiro.<\/p>\n<p>Fonte: Valor<\/p>\n","protected":false},"excerpt":{"rendered":"<p>Na primeira reuni\u00e3o p\u00f3s-elei\u00e7\u00e3o, o l\u00edder do governo na C\u00e2mara, deputado Ricardo Barros (PP-PR), concentrou esfor\u00e7os na discuss\u00e3o sobre o projeto de mudan\u00e7as nas regras&#8230;<\/p>\n","protected":false},"author":1182,"featured_media":31896,"comment_status":"closed","ping_status":"closed","sticky":false,"template":"","format":"standard","meta":{"footnotes":""},"categories":[6],"tags":[3561,82],"class_list":["post-32751","post","type-post","status-publish","format-standard","has-post-thumbnail","hentry","category-noticias","tag-br-do-mar","tag-cabotagem"],"_links":{"self":[{"href":"https:\/\/www.sincomam.org.br\/index.php\/wp-json\/wp\/v2\/posts\/32751","targetHints":{"allow":["GET"]}}],"collection":[{"href":"https:\/\/www.sincomam.org.br\/index.php\/wp-json\/wp\/v2\/posts"}],"about":[{"href":"https:\/\/www.sincomam.org.br\/index.php\/wp-json\/wp\/v2\/types\/post"}],"author":[{"embeddable":true,"href":"https:\/\/www.sincomam.org.br\/index.php\/wp-json\/wp\/v2\/users\/1182"}],"replies":[{"embeddable":true,"href":"https:\/\/www.sincomam.org.br\/index.php\/wp-json\/wp\/v2\/comments?post=32751"}],"version-history":[{"count":1,"href":"https:\/\/www.sincomam.org.br\/index.php\/wp-json\/wp\/v2\/posts\/32751\/revisions"}],"predecessor-version":[{"id":32752,"href":"https:\/\/www.sincomam.org.br\/index.php\/wp-json\/wp\/v2\/posts\/32751\/revisions\/32752"}],"wp:featuredmedia":[{"embeddable":true,"href":"https:\/\/www.sincomam.org.br\/index.php\/wp-json\/wp\/v2\/media\/31896"}],"wp:attachment":[{"href":"https:\/\/www.sincomam.org.br\/index.php\/wp-json\/wp\/v2\/media?parent=32751"}],"wp:term":[{"taxonomy":"category","embeddable":true,"href":"https:\/\/www.sincomam.org.br\/index.php\/wp-json\/wp\/v2\/categories?post=32751"},{"taxonomy":"post_tag","embeddable":true,"href":"https:\/\/www.sincomam.org.br\/index.php\/wp-json\/wp\/v2\/tags?post=32751"}],"curies":[{"name":"wp","href":"https:\/\/api.w.org\/{rel}","templated":true}]}}