{"id":32748,"date":"2020-12-01T01:05:17","date_gmt":"2020-12-01T04:05:17","guid":{"rendered":"http:\/\/www.sincomam.org.br\/?p=32748"},"modified":"2020-12-01T01:05:17","modified_gmt":"2020-12-01T04:05:17","slug":"conta-de-luz-tera-cobranca-extra-a-partir-desta-terca-feira-decide-aneel","status":"publish","type":"post","link":"https:\/\/www.sincomam.org.br\/index.php\/conta-de-luz-tera-cobranca-extra-a-partir-desta-terca-feira-decide-aneel\/","title":{"rendered":"Conta de luz ter\u00e1 cobran\u00e7a extra a partir desta ter\u00e7a-feira, decide Aneel"},"content":{"rendered":"<p><strong><em>Em maio, ag\u00eancia anunciou que n\u00e3o haveria cobran\u00e7a extra em 2020 em raz\u00e3o da pandemia, mas decis\u00e3o foi revogada<\/em><\/strong><\/p>\n<p>Em maio, ag\u00eancia anunciou que n\u00e3o haveria cobran\u00e7a extra em 2020 em raz\u00e3o da pandemia, mas decis\u00e3o foi revogada<\/p>\n<p>A Ag\u00eancia Nacional de Energia El\u00e9trica (Aneel) decidiu nesta segunda-feira (30) que haver\u00e1 cobran\u00e7a extra na conta de luz dos consumidores a partir desta ter\u00e7a (1\u00ba).<\/p>\n<p>Em reuni\u00e3o extraordin\u00e1ria, a Aneel decidiu que ser\u00e1 cobrada a bandeira vermelha patamar 2, cujo valor \u00e9 o maior no sistema de bandeiras da ag\u00eancia (veja na imagem mais abaixo).<\/p>\n<p>Com isso, a cobran\u00e7a extra ser\u00e1 de R$ 6,24 a cada 100 quilowatts-hora (kWh) consumidos.<\/p>\n<p>Em 26 maio, a Aneel havia anunciado que n\u00e3o haveria cobran\u00e7a extra na conta de luz at\u00e9 31 de dezembro deste ano, em raz\u00e3o da pandemia do novo coronav\u00edrus.<\/p>\n<p>Na reuni\u00e3o desta segunda-feira, contudo, a ag\u00eancia decidiu revogar a decis\u00e3o e aplicar a bandeira vermelha patamar 2.<\/p>\n<p>Fonte: G1<\/p>\n","protected":false},"excerpt":{"rendered":"<p>Em maio, ag\u00eancia anunciou que n\u00e3o haveria cobran\u00e7a extra em 2020 em raz\u00e3o da pandemia, mas decis\u00e3o foi revogada Em maio, ag\u00eancia anunciou que n\u00e3o&#8230;<\/p>\n","protected":false},"author":1182,"featured_media":32749,"comment_status":"closed","ping_status":"closed","sticky":false,"template":"","format":"standard","meta":{"footnotes":""},"categories":[6],"tags":[4129,3223,425,426,834],"class_list":["post-32748","post","type-post","status-publish","format-standard","has-post-thumbnail","hentry","category-noticias","tag-aneel","tag-cobranca","tag-conta","tag-luz","tag-taxa"],"_links":{"self":[{"href":"https:\/\/www.sincomam.org.br\/index.php\/wp-json\/wp\/v2\/posts\/32748","targetHints":{"allow":["GET"]}}],"collection":[{"href":"https:\/\/www.sincomam.org.br\/index.php\/wp-json\/wp\/v2\/posts"}],"about":[{"href":"https:\/\/www.sincomam.org.br\/index.php\/wp-json\/wp\/v2\/types\/post"}],"author":[{"embeddable":true,"href":"https:\/\/www.sincomam.org.br\/index.php\/wp-json\/wp\/v2\/users\/1182"}],"replies":[{"embeddable":true,"href":"https:\/\/www.sincomam.org.br\/index.php\/wp-json\/wp\/v2\/comments?post=32748"}],"version-history":[{"count":1,"href":"https:\/\/www.sincomam.org.br\/index.php\/wp-json\/wp\/v2\/posts\/32748\/revisions"}],"predecessor-version":[{"id":32750,"href":"https:\/\/www.sincomam.org.br\/index.php\/wp-json\/wp\/v2\/posts\/32748\/revisions\/32750"}],"wp:featuredmedia":[{"embeddable":true,"href":"https:\/\/www.sincomam.org.br\/index.php\/wp-json\/wp\/v2\/media\/32749"}],"wp:attachment":[{"href":"https:\/\/www.sincomam.org.br\/index.php\/wp-json\/wp\/v2\/media?parent=32748"}],"wp:term":[{"taxonomy":"category","embeddable":true,"href":"https:\/\/www.sincomam.org.br\/index.php\/wp-json\/wp\/v2\/categories?post=32748"},{"taxonomy":"post_tag","embeddable":true,"href":"https:\/\/www.sincomam.org.br\/index.php\/wp-json\/wp\/v2\/tags?post=32748"}],"curies":[{"name":"wp","href":"https:\/\/api.w.org\/{rel}","templated":true}]}}