{"id":32746,"date":"2020-12-01T00:49:09","date_gmt":"2020-12-01T03:49:09","guid":{"rendered":"http:\/\/www.sincomam.org.br\/?p=32746"},"modified":"2020-12-01T07:32:33","modified_gmt":"2020-12-01T10:32:33","slug":"em-11-meses-portos-do-parana-batem-recorde-historico-de-cargas","status":"publish","type":"post","link":"https:\/\/www.sincomam.org.br\/index.php\/em-11-meses-portos-do-parana-batem-recorde-historico-de-cargas\/","title":{"rendered":"Em 11 meses, portos do Paran\u00e1 batem recorde hist\u00f3rico de cargas"},"content":{"rendered":"<p>Os portos do Paranagu\u00e1 e Antonina alcan\u00e7aram nesta segunda-feira (30) o recorde de 53,382 milh\u00f5es de toneladas de cargas movimentadas. O volume \u00e9 o maior da hist\u00f3ria. O resultado foi comemorado pelos trabalhadores portu\u00e1rios. A previs\u00e3o \u00e9 que apenas o m\u00eas de novembro feche com 4.459.487 de toneladas movimentadas.<\/p>\n<p><em>O governador Carlos Massa Ratinho Junior participou em Paranagu\u00e1 da contagem regressiva que consolidou o marco in\u00e9dito e que foi comemorado com os trabalhadores portu\u00e1rios. A previs\u00e3o \u00e9 que apenas o m\u00eas de novembro feche com 4.459.487 de toneladas movimentadas.<\/em><\/p>\n<p><em>\u201cUm momento hist\u00f3rico, a maior movimenta\u00e7\u00e3o em 85 anos do porto de Paranagu\u00e1. Quebramos um recorde que j\u00e1 havia sido batido no ano passado, com 53 milh\u00f5es de toneladas. Mas em 2019, foi no \u00faltimo dia do ano e desta vez foi com um m\u00eas de anteced\u00eancia\u201d, afirmou o governador.<\/em><\/p>\n<p><strong>Seis recordes em 2020<\/strong><\/p>\n<p>Diretor-presidente da Portos do Paran\u00e1, Luiz Fernando Garcia destacou que a conquista desta segunda-feira \u00e9 a \u201ccereja do bolo\u201d de um ano bastante especial para os portos paranaenses. Ele lembrou que foram atingidos seis recordes no ano. Os melhores meses de mar\u00e7o, abril, maio, setembro e outubro da hist\u00f3ria em movimenta\u00e7\u00f5es.<\/p>\n<p>Com 5.716.477 toneladas, maio se tornou tamb\u00e9m o melhor resultado mensal da hist\u00f3ria dos Portos. \u201c\u00c9 um resultado do Paran\u00e1, de toda a comunidade portu\u00e1ria. Sempre falamos aqui: o porto tem se ser cada vez mais competitivo e eficiente\u201d, ressaltou Garcia.<\/p>\n<p><strong>Exporta\u00e7\u00e3o <\/strong><\/p>\n<p>Cerca de 65% da movimenta\u00e7\u00e3o dos portos paranaenses, entre janeiro e outubro deste ano foram de produtos de exporta\u00e7\u00e3o: 38,1 milh\u00f5es de toneladas de cargas. O volume nesse sentido do com\u00e9rcio exterior \u00e9 13% maior que o registrado no mesmo per\u00edodo, em 2019 (28,2 milh\u00f5es de toneladas). As importa\u00e7\u00f5es somaram 17,1 milh\u00f5es de toneladas. Cerca de 4% mais que no ano passado, com 16,4 milh\u00f5es de toneladas.<\/p>\n<p><strong>Gr\u00e3os <\/strong><\/p>\n<p>Mais de 66% das exporta\u00e7\u00f5es e importa\u00e7\u00f5es foram de gran\u00e9is s\u00f3lidos. Foram quase 32,5 milh\u00f5es de toneladas de gr\u00e3os, movimentadas entre de janeiro e outubro de 2020. No ano anterior, foram 29,6 milh\u00f5es de toneladas (alta de 10%).<\/p>\n<p>Nesse segmento, destaque para o aumento de 78% registrado no volume de a\u00e7\u00facar embarcado. J\u00e1 s\u00e3o 3,67 milh\u00f5es de toneladas exportadas, ante 2 milh\u00f5es em 2019. Somente no \u00faltimo m\u00eas, foram 566.617 toneladas, mais que o dobro do que o registrado em outubro do ano passado.<\/p>\n<p><strong>Desempenho<\/strong><\/p>\n<p>O Secret\u00e1rio de Estado da Infraestrutura e Log\u00edstica, Sandro Alex refor\u00e7ou que os resultados s\u00e3o frutos de uma administra\u00e7\u00e3o independente, focada em entregar o melhor desempenho e fazer dos portos do Paran\u00e1 os mais produtivos do Pa\u00eds.<\/p>\n<p><strong>Caminh\u00f5es<\/strong><\/p>\n<p>Em 2020, de janeiro at\u00e9 o dia 27 de novembro, 422.774 caminh\u00f5es passaram pelo porto de Paranagu\u00e1. O n\u00famero \u00e9 aproximadamente 12,7% maior que durante todo o ano de 2019, quando foram pouco mais de 375.899 ve\u00edculos recebidos. Os caminhoneiros, que n\u00e3o pararam durante a pandemia de Covid-19, s\u00e3o respons\u00e1veis por 84% da movimenta\u00e7\u00e3o de produtos que chegam ou saem pelo porto paranaense.<\/p>\n<p>*Com informa\u00e7\u00f5es da Portos do Paran\u00e1<\/p>\n","protected":false},"excerpt":{"rendered":"<p>Os portos do Paranagu\u00e1 e Antonina alcan\u00e7aram nesta segunda-feira (30) o recorde de 53,382 milh\u00f5es de toneladas de cargas movimentadas. O volume \u00e9 o maior&#8230;<\/p>\n","protected":false},"author":1182,"featured_media":28326,"comment_status":"closed","ping_status":"closed","sticky":false,"template":"","format":"standard","meta":{"footnotes":""},"categories":[6],"tags":[3076,191,237,109,69,62],"class_list":["post-32746","post","type-post","status-publish","format-standard","has-post-thumbnail","hentry","category-noticias","tag-ao","tag-cargas","tag-movimentacao","tag-parana","tag-portos","tag-recorde"],"_links":{"self":[{"href":"https:\/\/www.sincomam.org.br\/index.php\/wp-json\/wp\/v2\/posts\/32746","targetHints":{"allow":["GET"]}}],"collection":[{"href":"https:\/\/www.sincomam.org.br\/index.php\/wp-json\/wp\/v2\/posts"}],"about":[{"href":"https:\/\/www.sincomam.org.br\/index.php\/wp-json\/wp\/v2\/types\/post"}],"author":[{"embeddable":true,"href":"https:\/\/www.sincomam.org.br\/index.php\/wp-json\/wp\/v2\/users\/1182"}],"replies":[{"embeddable":true,"href":"https:\/\/www.sincomam.org.br\/index.php\/wp-json\/wp\/v2\/comments?post=32746"}],"version-history":[{"count":1,"href":"https:\/\/www.sincomam.org.br\/index.php\/wp-json\/wp\/v2\/posts\/32746\/revisions"}],"predecessor-version":[{"id":32747,"href":"https:\/\/www.sincomam.org.br\/index.php\/wp-json\/wp\/v2\/posts\/32746\/revisions\/32747"}],"wp:featuredmedia":[{"embeddable":true,"href":"https:\/\/www.sincomam.org.br\/index.php\/wp-json\/wp\/v2\/media\/28326"}],"wp:attachment":[{"href":"https:\/\/www.sincomam.org.br\/index.php\/wp-json\/wp\/v2\/media?parent=32746"}],"wp:term":[{"taxonomy":"category","embeddable":true,"href":"https:\/\/www.sincomam.org.br\/index.php\/wp-json\/wp\/v2\/categories?post=32746"},{"taxonomy":"post_tag","embeddable":true,"href":"https:\/\/www.sincomam.org.br\/index.php\/wp-json\/wp\/v2\/tags?post=32746"}],"curies":[{"name":"wp","href":"https:\/\/api.w.org\/{rel}","templated":true}]}}