{"id":32729,"date":"2020-11-27T09:35:00","date_gmt":"2020-11-27T12:35:00","guid":{"rendered":"http:\/\/www.sincomam.org.br\/?p=32729"},"modified":"2020-11-27T09:35:00","modified_gmt":"2020-11-27T12:35:00","slug":"osx-deixa-recuperacao-judicial-depois-de-sete-anos","status":"publish","type":"post","link":"https:\/\/www.sincomam.org.br\/index.php\/osx-deixa-recuperacao-judicial-depois-de-sete-anos\/","title":{"rendered":"OSX deixa recupera\u00e7\u00e3o judicial depois de sete anos"},"content":{"rendered":"<p><strong><em>Decis\u00e3o teve impacto imediato nas a\u00e7\u00f5es da empresa, ainda controlada por Eike Batista, que subiram 157,09%<\/em><\/strong><\/p>\n<p>Depois de sete anos, as empresas OSX Brasil, OSX Constru\u00e7\u00e3o Naval e OSX Servi\u00e7os Operacionais deixaram ontem a recupera\u00e7\u00e3o judicial. A decis\u00e3o foi tomada pela ju\u00edza Maria Cristina de Brito Lima, da 3\u00aa Vara Empresarial do Rio de Janeiro, que afirmou que as companhias cumpriram todas as obriga\u00e7\u00f5es estabelecidas no plano de recupera\u00e7\u00e3o judicial, aprovado em 2014.<\/p>\n<p>A decis\u00e3o teve impacto imediato nas a\u00e7\u00f5es da OSX, uma das empresas do \u201cGrupo X\u201d que seguem sob o controle do empres\u00e1rio Eike Batista, que foi condenado por manipula\u00e7\u00e3o de informa\u00e7\u00f5es no mercado pela Justi\u00e7a e pela Comiss\u00e3o de Valores Mobili\u00e1rios (CVM) e est\u00e1 proibido de assumir cargos de administra\u00e7\u00e3o em companhias abertas. Ontem, os pap\u00e9is preferenciais da OSX subiram 157,09%, cotados a R$ 27,02 na B3.<\/p>\n<p>Na decis\u00e3o, a magistrada destacou que, com as empresas fora da recupera\u00e7\u00e3o judicial, os credores com obriga\u00e7\u00f5es que tenham vencimentos superiores a dois anos ter\u00e3o t\u00edtulo executivo judicial de acordo com o valor estipulado no plano de recupera\u00e7\u00e3o e poder\u00e3o executar a d\u00edvida.<\/p>\n<p>At\u00e9 o m\u00eas passado, a OSX ainda tentava postergar a sa\u00edda da recupera\u00e7\u00e3o judicial, pois entendia que dentro do regime teria condi\u00e7\u00f5es mais favor\u00e1veis para negociar um novo plano de recupera\u00e7\u00e3o com os credores. O objetivo era rediscutir um novo plano, depois de uma renegocia\u00e7\u00e3o com a Prumo, dona do Porto do A\u00e7u, sobre as duas \u00e1reas que a OSX possui na regi\u00e3o.<\/p>\n<p>A empresa de Eike tem contrato com o Cons\u00f3rcio Dome Servi\u00e7os Integrados (Prumo Log\u00edstica \/GranIHC) para aluguel de uma \u00e1rea e cabe \u00e0 Prumo captar os clientes para o espa\u00e7o. O objetivo da OSX \u00e9 que ela pr\u00f3pria busque os clientes. Atualmente, o aluguel rende em torno de R$ 1 milh\u00e3o \u00e0 OSX.<\/p>\n<p>O advogado Gustavo Licks, que era o administrador judicial das empresas em recupera\u00e7\u00e3o, afirmou que hoje o maior gargalo para a empresa elevar suas receitas \u00e9 justamente a impossibilidade de negociar diretamente o uso de suas \u00e1reas no A\u00e7u.<\/p>\n<p><em>\u201cNo plano de recupera\u00e7\u00e3o, a OSX n\u00e3o tem poderes para negociar as suas pr\u00f3prias \u00e1reas\u201d, disse Licks. \u201cIsso [a negocia\u00e7\u00e3o direta] daria uma autonomia mercadol\u00f3gica para ela e assim ela teria uma perspectiva de alavancar os seus neg\u00f3cios\u201d, acrescentou.<\/em><\/p>\n<p>Licks explicou que a sa\u00edda das companhias da recupera\u00e7\u00e3o n\u00e3o significa o fim do processo. H\u00e1, de acordo com ele, os \u201c\u00faltimos atos\u201d relativos a obriga\u00e7\u00f5es, formas de pagamento e atos derivados de recursos ao longo do processo.<\/p>\n<p>Em meio a essa tentativa de se reerguer fora da recupera\u00e7\u00e3o judicial, a empresa tamb\u00e9m vive um embate interno. Este ano, os controladores Eike Batista e Centennial Asset Mining Fund LLC propuseram destitui\u00e7\u00e3o dos conselheiros Rog\u00e9rio Alves de Freitas (o presidente do colegiado), Bruna Peres Born e Maria Carolina Catarina Silva e Gedeon, e a troca pelos nomes de Jo\u00e3o Manoel Monteiro, Roberto Hukai e Willian Magalh\u00e3es J\u00fanior, alegando a necessidade de uma a\u00e7\u00e3o conjunta para a \u201credu\u00e7\u00e3o cont\u00ednua de custos e na capta\u00e7\u00e3o de novos recursos a partir de novos investidores, assegurando o cumprimento efetivo do Plano de Recupera\u00e7\u00e3o Judicial\u201d. A 2\u00aa Vara Empresarial do Rio, por\u00e9m, suspendeu a Assembleia Geral Extraordin\u00e1ria (AGE) que deliberaria sobre a troca no m\u00eas passado.<\/p>\n<p>Fonte: Valor<\/p>\n","protected":false},"excerpt":{"rendered":"<p>Decis\u00e3o teve impacto imediato nas a\u00e7\u00f5es da empresa, ainda controlada por Eike Batista, que subiram 157,09% Depois de sete anos, as empresas OSX Brasil, OSX&#8230;<\/p>\n","protected":false},"author":1182,"featured_media":3640,"comment_status":"closed","ping_status":"closed","sticky":false,"template":"","format":"standard","meta":{"footnotes":""},"categories":[6],"tags":[606,61,300,500,919,455,918],"class_list":["post-32729","post","type-post","status-publish","format-standard","has-post-thumbnail","hentry","category-noticias","tag-acao","tag-brasil","tag-decisao","tag-eike-batista","tag-judicial","tag-osx","tag-recuperacao"],"_links":{"self":[{"href":"https:\/\/www.sincomam.org.br\/index.php\/wp-json\/wp\/v2\/posts\/32729","targetHints":{"allow":["GET"]}}],"collection":[{"href":"https:\/\/www.sincomam.org.br\/index.php\/wp-json\/wp\/v2\/posts"}],"about":[{"href":"https:\/\/www.sincomam.org.br\/index.php\/wp-json\/wp\/v2\/types\/post"}],"author":[{"embeddable":true,"href":"https:\/\/www.sincomam.org.br\/index.php\/wp-json\/wp\/v2\/users\/1182"}],"replies":[{"embeddable":true,"href":"https:\/\/www.sincomam.org.br\/index.php\/wp-json\/wp\/v2\/comments?post=32729"}],"version-history":[{"count":1,"href":"https:\/\/www.sincomam.org.br\/index.php\/wp-json\/wp\/v2\/posts\/32729\/revisions"}],"predecessor-version":[{"id":32730,"href":"https:\/\/www.sincomam.org.br\/index.php\/wp-json\/wp\/v2\/posts\/32729\/revisions\/32730"}],"wp:featuredmedia":[{"embeddable":true,"href":"https:\/\/www.sincomam.org.br\/index.php\/wp-json\/wp\/v2\/media\/3640"}],"wp:attachment":[{"href":"https:\/\/www.sincomam.org.br\/index.php\/wp-json\/wp\/v2\/media?parent=32729"}],"wp:term":[{"taxonomy":"category","embeddable":true,"href":"https:\/\/www.sincomam.org.br\/index.php\/wp-json\/wp\/v2\/categories?post=32729"},{"taxonomy":"post_tag","embeddable":true,"href":"https:\/\/www.sincomam.org.br\/index.php\/wp-json\/wp\/v2\/tags?post=32729"}],"curies":[{"name":"wp","href":"https:\/\/api.w.org\/{rel}","templated":true}]}}