{"id":32717,"date":"2020-11-27T08:53:37","date_gmt":"2020-11-27T11:53:37","guid":{"rendered":"http:\/\/www.sincomam.org.br\/?p=32717"},"modified":"2020-11-27T08:53:37","modified_gmt":"2020-11-27T11:53:37","slug":"covid-19-brasil-tem-171-mil-mortes-e-62-milhoes-de-casos-acumulados","status":"publish","type":"post","link":"https:\/\/www.sincomam.org.br\/index.php\/covid-19-brasil-tem-171-mil-mortes-e-62-milhoes-de-casos-acumulados\/","title":{"rendered":"Covid-19: Brasil tem 171 mil mortes e 6,2 milh\u00f5es de casos acumulados"},"content":{"rendered":"<p><strong><em>At\u00e9 o momento, 5.528.599 pessoas j\u00e1 se recuperaram da doen\u00e7a<\/em><\/strong><\/p>\n<p>O n\u00famero de casos acumulados de covid-19 passou de 6.166.606 para 6.204.220 entre ontem e hoje (26). Nas \u00faltimas 24 horas, foram registrados 37.614 diagn\u00f3sticos positivos para a doen\u00e7a, abaixo dos 47.898 acrescidos \u00e0s estat\u00edsticas ontem.<\/p>\n<p>As mortes decorrentes da pandemia do novo coronav\u00edrus sa\u00edram de 170.769 para 171.460. Entre ontem e hoje, foram registrados 691 \u00f3bitos, n\u00famero superior \u00e0s 654 notifica\u00e7\u00f5es inclu\u00eddas no balan\u00e7o de ontem. Ainda h\u00e1 2.177 \u00f3bitos em investiga\u00e7\u00e3o, dados referentes a ontem.<\/p>\n<p>As informa\u00e7\u00f5es est\u00e3o na atualiza\u00e7\u00e3o di\u00e1ria do Minist\u00e9rio da Sa\u00fade, divulgada na noite desta quinta-feira (26). O \u00f3rg\u00e3o divulga a cada dia um balan\u00e7o a partir de informa\u00e7\u00f5es repassadas pelas secretarias estaduais de sa\u00fade.<\/p>\n<p>Ainda conforme a atualiza\u00e7\u00e3o do minist\u00e9rio, h\u00e1 504.161 pacientes em acompanhamento. Outras 5.528.599 pessoas j\u00e1 se recuperaram da doen\u00e7a.<\/p>\n<div id=\"attachment_32718\" style=\"width: 474px\" class=\"wp-caption alignleft\"><a href=\"https:\/\/www.sincomam.org.br\/wp-content\/uploads\/2020\/11\/covid-19-boleetim.jpeg\"><img fetchpriority=\"high\" decoding=\"async\" aria-describedby=\"caption-attachment-32718\" class=\" wp-image-32718\" src=\"https:\/\/www.sincomam.org.br\/wp-content\/uploads\/2020\/11\/covid-19-boleetim.jpeg\" alt=\"\" width=\"464\" height=\"259\" srcset=\"https:\/\/www.sincomam.org.br\/wp-content\/uploads\/2020\/11\/covid-19-boleetim.jpeg 754w, https:\/\/www.sincomam.org.br\/wp-content\/uploads\/2020\/11\/covid-19-boleetim-300x168.jpeg 300w\" sizes=\"(max-width: 464px) 100vw, 464px\" \/><\/a><p id=\"caption-attachment-32718\" class=\"wp-caption-text\">Situa\u00e7\u00e3o epidemiol\u00f3gica da covid-19 no Brasil 26\/11\/2020<\/p><\/div>\n<p><strong>Covid-19 nos estados<\/strong><\/p>\n<p>Os estados com mais mortes pela covid-19 s\u00e3o S\u00e3o Paulo (41.773), Rio de Janeiro (22.394), Minas Gerais (9.904), Cear\u00e1 (9.545) e Pernambuco (8.987). As Unidades da Federa\u00e7\u00e3o com menos \u00f3bitos pela doen\u00e7a s\u00e3o Acre (722), Roraima (723), Amap\u00e1 (802), Tocantins (1.155) e Rond\u00f4nia (1.535).<\/p>\n<p>Fonte: Ag\u00eancia Brasil<\/p>\n","protected":false},"excerpt":{"rendered":"<p>At\u00e9 o momento, 5.528.599 pessoas j\u00e1 se recuperaram da doen\u00e7a O n\u00famero de casos acumulados de covid-19 passou de 6.166.606 para 6.204.220 entre ontem e&#8230;<\/p>\n","protected":false},"author":1182,"featured_media":30092,"comment_status":"closed","ping_status":"closed","sticky":false,"template":"","format":"standard","meta":{"footnotes":""},"categories":[6],"tags":[61,2752,2751,1460,1005,364,1375,1509],"class_list":["post-32717","post","type-post","status-publish","format-standard","has-post-thumbnail","hentry","category-noticias","tag-brasil","tag-coronavirus","tag-covid-19","tag-infectados","tag-mortes","tag-onda","tag-populacao","tag-segunda"],"_links":{"self":[{"href":"https:\/\/www.sincomam.org.br\/index.php\/wp-json\/wp\/v2\/posts\/32717","targetHints":{"allow":["GET"]}}],"collection":[{"href":"https:\/\/www.sincomam.org.br\/index.php\/wp-json\/wp\/v2\/posts"}],"about":[{"href":"https:\/\/www.sincomam.org.br\/index.php\/wp-json\/wp\/v2\/types\/post"}],"author":[{"embeddable":true,"href":"https:\/\/www.sincomam.org.br\/index.php\/wp-json\/wp\/v2\/users\/1182"}],"replies":[{"embeddable":true,"href":"https:\/\/www.sincomam.org.br\/index.php\/wp-json\/wp\/v2\/comments?post=32717"}],"version-history":[{"count":1,"href":"https:\/\/www.sincomam.org.br\/index.php\/wp-json\/wp\/v2\/posts\/32717\/revisions"}],"predecessor-version":[{"id":32719,"href":"https:\/\/www.sincomam.org.br\/index.php\/wp-json\/wp\/v2\/posts\/32717\/revisions\/32719"}],"wp:featuredmedia":[{"embeddable":true,"href":"https:\/\/www.sincomam.org.br\/index.php\/wp-json\/wp\/v2\/media\/30092"}],"wp:attachment":[{"href":"https:\/\/www.sincomam.org.br\/index.php\/wp-json\/wp\/v2\/media?parent=32717"}],"wp:term":[{"taxonomy":"category","embeddable":true,"href":"https:\/\/www.sincomam.org.br\/index.php\/wp-json\/wp\/v2\/categories?post=32717"},{"taxonomy":"post_tag","embeddable":true,"href":"https:\/\/www.sincomam.org.br\/index.php\/wp-json\/wp\/v2\/tags?post=32717"}],"curies":[{"name":"wp","href":"https:\/\/api.w.org\/{rel}","templated":true}]}}