{"id":32695,"date":"2020-11-26T11:51:56","date_gmt":"2020-11-26T14:51:56","guid":{"rendered":"http:\/\/www.sincomam.org.br\/?p=32695"},"modified":"2020-11-26T11:51:56","modified_gmt":"2020-11-26T14:51:56","slug":"projeto-proibe-beneficios-tributarios-para-empresas-que-discriminem-empregados","status":"publish","type":"post","link":"https:\/\/www.sincomam.org.br\/index.php\/projeto-proibe-beneficios-tributarios-para-empresas-que-discriminem-empregados\/","title":{"rendered":"Projeto pro\u00edbe benef\u00edcios tribut\u00e1rios para empresas que discriminem empregados"},"content":{"rendered":"<p><strong><em>Texto abrange discrimina\u00e7\u00e3o por situa\u00e7\u00e3o de desvantagem social, cultural, pol\u00edtica, \u00e9tnica, f\u00edsica, religiosa ou econ\u00f4mica<\/em><\/strong><\/p>\n<p>O Projeto de Lei 4683\/20 pro\u00edbe a concess\u00e3o de benef\u00edcios tribut\u00e1rios a empresas que discriminarem funcion\u00e1rios em situa\u00e7\u00e3o de desvantagem social, cultural, pol\u00edtica, \u00e9tnica, f\u00edsica, religiosa ou econ\u00f4mica. O texto, que tramita na C\u00e2mara dos Deputados, altera a Consolida\u00e7\u00e3o das Leis do Trabalho (CLT).<\/p>\n<p>A proposta altera ainda a reforma trabalhista para prever que, em caso de discrimina\u00e7\u00e3o, a multa equivalente a 50% do maior benef\u00edcio do Regime Geral de Previd\u00eancia Social ser\u00e1 aplicada n\u00e3o apenas quando envolver sexo ou etnia, mas em raz\u00e3o de qualquer condi\u00e7\u00e3o de minoria social.<\/p>\n<p><em>\u201c\u00c9 imprescind\u00edvel buscarmos mecanismos auxiliares que possam aumentar o custo para aqueles que insistirem em discriminar seus funcion\u00e1rios. Precisamos refor\u00e7ar os dispositivos legais\u201d, diz o autor, deputado Eduardo Bismarck (PDT-CE).<\/em><\/p>\n<p>Segundo o projeto, a empresa que discriminar dois ou mais empregados de quaisquer de seus estabelecimentos perder\u00e1 o direito de se beneficiar do Simples, se for o caso, e de qualquer subs\u00eddio, isen\u00e7\u00e3o, redu\u00e7\u00e3o de base de c\u00e1lculo, cr\u00e9dito presumido, redu\u00e7\u00e3o a zero de al\u00edquota, anistia ou remiss\u00e3o de tributos.<\/p>\n<p>Fonte: Ag\u00eancia C\u00e2mara de Not\u00edcias<\/p>\n","protected":false},"excerpt":{"rendered":"<p>Texto abrange discrimina\u00e7\u00e3o por situa\u00e7\u00e3o de desvantagem social, cultural, pol\u00edtica, \u00e9tnica, f\u00edsica, religiosa ou econ\u00f4mica O Projeto de Lei 4683\/20 pro\u00edbe a concess\u00e3o de benef\u00edcios&#8230;<\/p>\n","protected":false},"author":1182,"featured_media":32696,"comment_status":"closed","ping_status":"closed","sticky":false,"template":"","format":"standard","meta":{"footnotes":""},"categories":[6],"tags":[871,732,3432,4120,1001,367,4121,1538,4122,974],"class_list":["post-32695","post","type-post","status-publish","format-standard","has-post-thumbnail","hentry","category-noticias","tag-anistia","tag-camara","tag-clt","tag-discriminacao","tag-lei","tag-projeto","tag-raca","tag-trabalhador","tag-tributo","tag-votacao"],"_links":{"self":[{"href":"https:\/\/www.sincomam.org.br\/index.php\/wp-json\/wp\/v2\/posts\/32695","targetHints":{"allow":["GET"]}}],"collection":[{"href":"https:\/\/www.sincomam.org.br\/index.php\/wp-json\/wp\/v2\/posts"}],"about":[{"href":"https:\/\/www.sincomam.org.br\/index.php\/wp-json\/wp\/v2\/types\/post"}],"author":[{"embeddable":true,"href":"https:\/\/www.sincomam.org.br\/index.php\/wp-json\/wp\/v2\/users\/1182"}],"replies":[{"embeddable":true,"href":"https:\/\/www.sincomam.org.br\/index.php\/wp-json\/wp\/v2\/comments?post=32695"}],"version-history":[{"count":1,"href":"https:\/\/www.sincomam.org.br\/index.php\/wp-json\/wp\/v2\/posts\/32695\/revisions"}],"predecessor-version":[{"id":32697,"href":"https:\/\/www.sincomam.org.br\/index.php\/wp-json\/wp\/v2\/posts\/32695\/revisions\/32697"}],"wp:featuredmedia":[{"embeddable":true,"href":"https:\/\/www.sincomam.org.br\/index.php\/wp-json\/wp\/v2\/media\/32696"}],"wp:attachment":[{"href":"https:\/\/www.sincomam.org.br\/index.php\/wp-json\/wp\/v2\/media?parent=32695"}],"wp:term":[{"taxonomy":"category","embeddable":true,"href":"https:\/\/www.sincomam.org.br\/index.php\/wp-json\/wp\/v2\/categories?post=32695"},{"taxonomy":"post_tag","embeddable":true,"href":"https:\/\/www.sincomam.org.br\/index.php\/wp-json\/wp\/v2\/tags?post=32695"}],"curies":[{"name":"wp","href":"https:\/\/api.w.org\/{rel}","templated":true}]}}