{"id":32688,"date":"2020-11-26T11:32:57","date_gmt":"2020-11-26T14:32:57","guid":{"rendered":"http:\/\/www.sincomam.org.br\/?p=32688"},"modified":"2020-11-26T11:38:29","modified_gmt":"2020-11-26T14:38:29","slug":"celebracao-do-dia-da-bandeira-e-realizada-na-estacao-comandante-ferraz","status":"publish","type":"post","link":"https:\/\/www.sincomam.org.br\/index.php\/celebracao-do-dia-da-bandeira-e-realizada-na-estacao-comandante-ferraz\/","title":{"rendered":"Celebra\u00e7\u00e3o do Dia da Bandeira \u00e9 realizada na Esta\u00e7\u00e3o Comandante Ferraz"},"content":{"rendered":"<p><em><strong>No dia 19 de novembro os militares integrantes do Grupo-Base Ferraz realizaram cerim\u00f4nia em comemora\u00e7\u00e3o ao Dia da Bandeira<\/strong><\/em><\/p>\n<p>No dia 19 de novembro os militares integrantes do Grupo-Base Ferraz realizaram cerim\u00f4nia em comemora\u00e7\u00e3o ao Dia da Bandeira. Em frente ao Pavilh\u00e3o Nacional hasteado na Esta\u00e7\u00e3o Ant\u00e1rtica Comandante Ferraz, pontualmente ao meio-dia, foi feita a leitura da Ordem do Dia alusiva ao evento, na qual se enfatiza que compete tamb\u00e9m \u00e0 Marinha do Brasil, \u201cpor seu car\u00e1ter expedicion\u00e1rio, fazer tremular o querido s\u00edmbolo de nossa terra, n\u00e3o somente por toda a extens\u00e3o da Amaz\u00f4nia Azul e \u00e1guas interiores, onde refor\u00e7a a presen\u00e7a do Estado brasileiro e contribui para a garantia da soberania, mas tamb\u00e9m pelos diversos continentes, em miss\u00f5es de paz sob a \u00e9gide da Organiza\u00e7\u00e3o das Na\u00e7\u00f5es Unidas, em aux\u00edlio \u00e0s pesquisas cient\u00edficas na Ant\u00e1rtica, em exerc\u00edcios com Marinhas amigas ou em apoio \u00e0 diplomacia brasileira.\u201d<\/p>\n<p>Na ocasi\u00e3o, foram incineradas as Bandeiras Nacionais substitu\u00eddas durante o ano devido ao desgaste provocado pelos fortes ventos daquela regi\u00e3o, de acordo com o protocolo estabelecido pelas For\u00e7as Armadas para a queima das bandeiras que est\u00e3o inutilizadas, seguida pelo canto do Hino \u00e0 Bandeira.<\/p>\n<p>Homenageamos, assim, o s\u00edmbolo que nos identifica e nos define como P\u00e1tria perante o mundo, pelas gl\u00f3rias do passado, pelas conquistas do presente e pela confian\u00e7a em um futuro promissor.<\/p>\n<p><strong><a href=\"https:\/\/www.sincomam.org.br\/wp-content\/uploads\/2020\/11\/OPERANTAR-2.jpg\"><img fetchpriority=\"high\" decoding=\"async\" class=\" wp-image-32690 alignleft\" src=\"https:\/\/www.sincomam.org.br\/wp-content\/uploads\/2020\/11\/OPERANTAR-2-768x498.jpg\" alt=\"\" width=\"452\" height=\"293\" srcset=\"https:\/\/www.sincomam.org.br\/wp-content\/uploads\/2020\/11\/OPERANTAR-2-768x498.jpg 768w, https:\/\/www.sincomam.org.br\/wp-content\/uploads\/2020\/11\/OPERANTAR-2-300x195.jpg 300w, https:\/\/www.sincomam.org.br\/wp-content\/uploads\/2020\/11\/OPERANTAR-2-110x70.jpg 110w, https:\/\/www.sincomam.org.br\/wp-content\/uploads\/2020\/11\/OPERANTAR-2.jpg 1024w\" sizes=\"(max-width: 452px) 100vw, 452px\" \/><\/a>Helic\u00f3pteros de Emprego Geral<\/strong><\/p>\n<p>Nesta quarta-feira (26), aconteceu o primeiro voo na Ant\u00e1rtica das mais novas aeronaves UH-17 adquiridas pela Marinha do Brasil. As duas aeronaves j\u00e1 est\u00e3o apoiando a Opera\u00e7\u00e3o Ant\u00e1rtica XXXIX &#8211; OPERANTAR, com previs\u00e3o de permanecerem no continente gelado at\u00e9 2021.<\/p>\n<p>*Com informa\u00e7\u00f5es da Marinha do Brasil \/ Fotos: divulga\u00e7\u00e3o MB<\/p>\n","protected":false},"excerpt":{"rendered":"<p>No dia 19 de novembro os militares integrantes do Grupo-Base Ferraz realizaram cerim\u00f4nia em comemora\u00e7\u00e3o ao Dia da Bandeira No dia 19 de novembro os&#8230;<\/p>\n","protected":false},"author":1182,"featured_media":32689,"comment_status":"closed","ping_status":"closed","sticky":false,"template":"","format":"standard","meta":{"footnotes":""},"categories":[6],"tags":[3823,3944,3407,1013,377,4119],"class_list":["post-32688","post","type-post","status-publish","format-standard","has-post-thumbnail","hentry","category-noticias","tag-estacao-comandante-ferraz","tag-forca-nacional","tag-helicopteros","tag-marinha-do-brasil","tag-operacao","tag-operantar"],"_links":{"self":[{"href":"https:\/\/www.sincomam.org.br\/index.php\/wp-json\/wp\/v2\/posts\/32688","targetHints":{"allow":["GET"]}}],"collection":[{"href":"https:\/\/www.sincomam.org.br\/index.php\/wp-json\/wp\/v2\/posts"}],"about":[{"href":"https:\/\/www.sincomam.org.br\/index.php\/wp-json\/wp\/v2\/types\/post"}],"author":[{"embeddable":true,"href":"https:\/\/www.sincomam.org.br\/index.php\/wp-json\/wp\/v2\/users\/1182"}],"replies":[{"embeddable":true,"href":"https:\/\/www.sincomam.org.br\/index.php\/wp-json\/wp\/v2\/comments?post=32688"}],"version-history":[{"count":1,"href":"https:\/\/www.sincomam.org.br\/index.php\/wp-json\/wp\/v2\/posts\/32688\/revisions"}],"predecessor-version":[{"id":32691,"href":"https:\/\/www.sincomam.org.br\/index.php\/wp-json\/wp\/v2\/posts\/32688\/revisions\/32691"}],"wp:featuredmedia":[{"embeddable":true,"href":"https:\/\/www.sincomam.org.br\/index.php\/wp-json\/wp\/v2\/media\/32689"}],"wp:attachment":[{"href":"https:\/\/www.sincomam.org.br\/index.php\/wp-json\/wp\/v2\/media?parent=32688"}],"wp:term":[{"taxonomy":"category","embeddable":true,"href":"https:\/\/www.sincomam.org.br\/index.php\/wp-json\/wp\/v2\/categories?post=32688"},{"taxonomy":"post_tag","embeddable":true,"href":"https:\/\/www.sincomam.org.br\/index.php\/wp-json\/wp\/v2\/tags?post=32688"}],"curies":[{"name":"wp","href":"https:\/\/api.w.org\/{rel}","templated":true}]}}