{"id":32674,"date":"2020-11-26T08:59:38","date_gmt":"2020-11-26T11:59:38","guid":{"rendered":"http:\/\/www.sincomam.org.br\/?p=32674"},"modified":"2020-11-26T08:59:38","modified_gmt":"2020-11-26T11:59:38","slug":"amazul-contrata-a-nuclep-para-montagem-de-reator-nuclear","status":"publish","type":"post","link":"https:\/\/www.sincomam.org.br\/index.php\/amazul-contrata-a-nuclep-para-montagem-de-reator-nuclear\/","title":{"rendered":"Amazul contrata a Nuclep para montagem de reator nuclear"},"content":{"rendered":"<p><strong><em>Contrato entre Amazul e Nuclep prev\u00ea fabrica\u00e7\u00e3o e fornecimento do vaso (cilindro) e estruturas internas de conten\u00e7\u00e3o onde ser\u00e1 montado o reator nuclear do submarino da Marinha<\/em><\/strong><\/p>\n<p>Celebrado em evento da Marinha, com a presen\u00e7a do Presidente da Rep\u00fablica, Jair Messias Bolsonaro, o in\u00edcio da montagem do prot\u00f3tipo do reator de propuls\u00e3o nuclear em Iper\u00f3 (SP) \u00e9 um marco importante tamb\u00e9m para a Amazul (Amaz\u00f4nia Azul Tecnologias de Defesa S.A.).<\/p>\n<p>Com ativa participa\u00e7\u00e3o no Programa Nuclear da Marinha (PNM), Programa Nuclear Brasileiro (PNB) e Programa de Desenvolvimento de Submarinos (PROSUB), a Amazul \u00e9 a empresa que contratou a Nuclep (Nuclebr\u00e1s Equipamentos Pesados S.A.) para a fabrica\u00e7\u00e3o de parte do prot\u00f3tipo do reator de propuls\u00e3o nuclear.<\/p>\n<p>O contrato entre Amazul e Nuclep prev\u00ea a fabrica\u00e7\u00e3o, montagem e fornecimento do vaso (cilindro) e estruturas internas de conten\u00e7\u00e3o onde ser\u00e1 montado o reator, al\u00e9m do tanque de blindagem prim\u00e1ria.<\/p>\n<p>Essas estruturas comp\u00f5em o Bloco 40, que faz parte do Labgene \u2013 Laborat\u00f3rio de Gera\u00e7\u00e3o de Energia Nucleoel\u00e9trica, prot\u00f3tipo em terra e em escala real dos sistemas de propuls\u00e3o que ser\u00e3o instalados no futuro Submarino de Propuls\u00e3o Nuclear (SN-BR) \u201c\u00c1lvaro Alberto\u201d.<\/p>\n<p>Nas pr\u00f3ximas fases do programa, o reator, bem como os turbogeradores, o motor el\u00e9trico e outros sistemas similares aos de um submarino com propuls\u00e3o nuclear ser\u00e3o testados de forma controlada no Labgene. O objetivo \u00e9 validar a opera\u00e7\u00e3o do reator e dos diversos sistemas eletromec\u00e2nicos integrados a ele, antes da instala\u00e7\u00e3o no submarino com propuls\u00e3o nuclear.<\/p>\n<p>Finalizados os testes, um reator similar ser\u00e1 instalado no Submarino \u201c\u00c1lvaro Alberto\u201d, no Complexo Naval de Itagua\u00ed, no Rio de Janeiro. Em Itagua\u00ed tamb\u00e9m est\u00e3o sendo desenvolvidos os quatro submarinos com propuls\u00e3o diesel-el\u00e9trica previstos no PROSUB: o \u201cRiachuelo\u201d (S-40), j\u00e1 lan\u00e7ado, o \u201cHumait\u00e1\u201d (S-41), o \u201cTonelero\u201d (S-42) e o \u201cAngostura\u201d (S-43).<\/p>\n<p>A Diretoria T\u00e9cnica da Amazul re\u00fane profissionais de diversas especialidades envolvidos em projetos estrat\u00e9gicos para o Pa\u00eds. Dentro do PROSUB, a empresa ajuda a desenvolver tecnologias como o Sistema Integrado de Gerenciamento de Plataforma e o Sistema de Combate de Submarinos.<\/p>\n<p>Fonte: Marinha do Brasil<\/p>\n","protected":false},"excerpt":{"rendered":"<p>Contrato entre Amazul e Nuclep prev\u00ea fabrica\u00e7\u00e3o e fornecimento do vaso (cilindro) e estruturas internas de conten\u00e7\u00e3o onde ser\u00e1 montado o reator nuclear do submarino&#8230;<\/p>\n","protected":false},"author":1182,"featured_media":32675,"comment_status":"closed","ping_status":"closed","sticky":false,"template":"","format":"standard","meta":{"footnotes":""},"categories":[6],"tags":[788,144,1013,4115,90,430],"class_list":["post-32674","post","type-post","status-publish","format-standard","has-post-thumbnail","hentry","category-noticias","tag-amazul","tag-contrato","tag-marinha-do-brasil","tag-nuclep","tag-reator","tag-submarino"],"_links":{"self":[{"href":"https:\/\/www.sincomam.org.br\/index.php\/wp-json\/wp\/v2\/posts\/32674","targetHints":{"allow":["GET"]}}],"collection":[{"href":"https:\/\/www.sincomam.org.br\/index.php\/wp-json\/wp\/v2\/posts"}],"about":[{"href":"https:\/\/www.sincomam.org.br\/index.php\/wp-json\/wp\/v2\/types\/post"}],"author":[{"embeddable":true,"href":"https:\/\/www.sincomam.org.br\/index.php\/wp-json\/wp\/v2\/users\/1182"}],"replies":[{"embeddable":true,"href":"https:\/\/www.sincomam.org.br\/index.php\/wp-json\/wp\/v2\/comments?post=32674"}],"version-history":[{"count":1,"href":"https:\/\/www.sincomam.org.br\/index.php\/wp-json\/wp\/v2\/posts\/32674\/revisions"}],"predecessor-version":[{"id":32676,"href":"https:\/\/www.sincomam.org.br\/index.php\/wp-json\/wp\/v2\/posts\/32674\/revisions\/32676"}],"wp:featuredmedia":[{"embeddable":true,"href":"https:\/\/www.sincomam.org.br\/index.php\/wp-json\/wp\/v2\/media\/32675"}],"wp:attachment":[{"href":"https:\/\/www.sincomam.org.br\/index.php\/wp-json\/wp\/v2\/media?parent=32674"}],"wp:term":[{"taxonomy":"category","embeddable":true,"href":"https:\/\/www.sincomam.org.br\/index.php\/wp-json\/wp\/v2\/categories?post=32674"},{"taxonomy":"post_tag","embeddable":true,"href":"https:\/\/www.sincomam.org.br\/index.php\/wp-json\/wp\/v2\/tags?post=32674"}],"curies":[{"name":"wp","href":"https:\/\/api.w.org\/{rel}","templated":true}]}}