{"id":32662,"date":"2020-11-25T15:16:28","date_gmt":"2020-11-25T18:16:28","guid":{"rendered":"http:\/\/www.sincomam.org.br\/?p=32662"},"modified":"2020-11-25T15:23:23","modified_gmt":"2020-11-25T18:23:23","slug":"tse-e-titulo-deve-ser-baixado-ate-as-23h59-deste-sabado","status":"publish","type":"post","link":"https:\/\/www.sincomam.org.br\/index.php\/tse-e-titulo-deve-ser-baixado-ate-as-23h59-deste-sabado\/","title":{"rendered":"TSE informa: e-T\u00edtulo deve ser baixado at\u00e9 as 23h59 deste s\u00e1bado"},"content":{"rendered":"<p><strong><em>A ferramenta digital d\u00e1 acesso a uma s\u00e9rie de servi\u00e7os<\/em><\/strong><\/p>\n<p>O aplicativo e-T\u00edtulo poder\u00e1 ser baixado somente at\u00e9 as 23h59 deste s\u00e1bado (28), informou o Tribunal Superior Eleitoral (TSE) nesta quarta-feira (25). A ferramenta digital d\u00e1 acesso a uma s\u00e9rie de servi\u00e7os projetados pela Justi\u00e7a Eleitoral para facilitar o voto.<\/p>\n<p>Neste domingo (29), 57 munic\u00edpios escolhem, em segundo turno, os prefeitos. E somente poder\u00e1 utilizar o e-T\u00edtulo quem j\u00e1 tiver se cadastrado na ferramenta at\u00e9 a v\u00e9spera. O cadastramento s\u00f3 voltar\u00e1 a ficar dispon\u00edvel na segunda-feira (30).<\/p>\n<p>No dia da vota\u00e7\u00e3o, o e-T\u00edtulo pode servir como documento oficial de identifica\u00e7\u00e3o para o eleitor que j\u00e1 tenha feito o cadastramento biom\u00e9trico na Justi\u00e7a Eleitoral. A ferramenta permite tamb\u00e9m ao eleitor checar a localiza\u00e7\u00e3o da se\u00e7\u00e3o eleitoral, que pode ter mudado devido a remanejamentos provocados pela pandemia do novo coronav\u00edrus (covid-19).<\/p>\n<p>O e-T\u00edtulo tamb\u00e9m permite justificar aus\u00eancia \u00e0s urnas no dia da vota\u00e7\u00e3o, caso se encontre fora de seu domic\u00edlio eleitoral. Nesses casos, o aplicativo se vale do georreferenciamento presente nos celulares. Com a medida, a Justi\u00e7a Eleitoral quer dispensar o eleitor de realizar o procedimento presencialmente.<\/p>\n<p><strong>Falhas<\/strong><\/p>\n<p>No primeiro turno das elei\u00e7\u00f5es municipais, em 15 de novembro, o e-T\u00edtulo apresentou falhas. Muitos eleitores reclamaram por n\u00e3o conseguir justificar a aus\u00eancia por meio do aplicativo.<\/p>\n<p>Na ocasi\u00e3o, o presidente do Tribunal Superior Eleitoral (TSE), Lu\u00eds Roberto Barroso, disse que a instabilidade se devia aos downloads e cadastros de \u00faltima hora, que sobrecarregaram o sistema.<\/p>\n<p>Segundo dados da Justi\u00e7a Eleitoral, at\u00e9 o primeiro turno o e-T\u00edtulo havia sido baixado cerca de 16 milh\u00f5es de vezes. O Brasil tem cerca de 148 milh\u00f5es de eleitores aptos a votar.<\/p>\n<p>Fonte: Ag\u00eancia Brasil<\/p>\n","protected":false},"excerpt":{"rendered":"<p>A ferramenta digital d\u00e1 acesso a uma s\u00e9rie de servi\u00e7os O aplicativo e-T\u00edtulo poder\u00e1 ser baixado somente at\u00e9 as 23h59 deste s\u00e1bado (28), informou o&#8230;<\/p>\n","protected":false},"author":1182,"featured_media":31761,"comment_status":"closed","ping_status":"closed","sticky":false,"template":"","format":"standard","meta":{"footnotes":""},"categories":[6],"tags":[2860,1348,2913,2915,3875],"class_list":["post-32662","post","type-post","status-publish","format-standard","has-post-thumbnail","hentry","category-noticias","tag-digital","tag-eleicao","tag-titulo","tag-tse","tag-voto"],"_links":{"self":[{"href":"https:\/\/www.sincomam.org.br\/index.php\/wp-json\/wp\/v2\/posts\/32662","targetHints":{"allow":["GET"]}}],"collection":[{"href":"https:\/\/www.sincomam.org.br\/index.php\/wp-json\/wp\/v2\/posts"}],"about":[{"href":"https:\/\/www.sincomam.org.br\/index.php\/wp-json\/wp\/v2\/types\/post"}],"author":[{"embeddable":true,"href":"https:\/\/www.sincomam.org.br\/index.php\/wp-json\/wp\/v2\/users\/1182"}],"replies":[{"embeddable":true,"href":"https:\/\/www.sincomam.org.br\/index.php\/wp-json\/wp\/v2\/comments?post=32662"}],"version-history":[{"count":3,"href":"https:\/\/www.sincomam.org.br\/index.php\/wp-json\/wp\/v2\/posts\/32662\/revisions"}],"predecessor-version":[{"id":32665,"href":"https:\/\/www.sincomam.org.br\/index.php\/wp-json\/wp\/v2\/posts\/32662\/revisions\/32665"}],"wp:featuredmedia":[{"embeddable":true,"href":"https:\/\/www.sincomam.org.br\/index.php\/wp-json\/wp\/v2\/media\/31761"}],"wp:attachment":[{"href":"https:\/\/www.sincomam.org.br\/index.php\/wp-json\/wp\/v2\/media?parent=32662"}],"wp:term":[{"taxonomy":"category","embeddable":true,"href":"https:\/\/www.sincomam.org.br\/index.php\/wp-json\/wp\/v2\/categories?post=32662"},{"taxonomy":"post_tag","embeddable":true,"href":"https:\/\/www.sincomam.org.br\/index.php\/wp-json\/wp\/v2\/tags?post=32662"}],"curies":[{"name":"wp","href":"https:\/\/api.w.org\/{rel}","templated":true}]}}