{"id":32660,"date":"2020-11-25T15:12:50","date_gmt":"2020-11-25T18:12:50","guid":{"rendered":"http:\/\/www.sincomam.org.br\/?p=32660"},"modified":"2020-11-25T15:12:50","modified_gmt":"2020-11-25T18:12:50","slug":"inss-pagamento-de-beneficios-de-moradores-do-amapa-e-antecipado","status":"publish","type":"post","link":"https:\/\/www.sincomam.org.br\/index.php\/inss-pagamento-de-beneficios-de-moradores-do-amapa-e-antecipado\/","title":{"rendered":"INSS: pagamento de benef\u00edcios de moradores do Amap\u00e1 \u00e9 antecipado"},"content":{"rendered":"<p><strong><em>Portaria autorizando a medida \u00e9 publicada no Di\u00e1rio <\/em><\/strong><strong><em>Oficial da Uni\u00e3o<\/em><\/strong><\/p>\n<p>Os benefici\u00e1rios do Instituto Nacional do Seguro Social (INSS) com domic\u00edlios no estado do Amap\u00e1 v\u00e3o receber os benef\u00edcios de dezembro antecipadamente. Portaria conjunta autorizando a medida est\u00e1 publicada no Di\u00e1rio Oficial da Uni\u00e3o desta quarta-feira (25).<\/p>\n<p>A decis\u00e3o da Secretaria Especial de Previd\u00eancia e Trabalho, do Minist\u00e9rio da Economia, considerou a Portaria n\u00ba 2.938, de 21 de novembro de 2020, da Secretaria Nacional de Prote\u00e7\u00e3o e Defesa Civil do Minist\u00e9rio do Desenvolvimento Regional, que reconheceu o estado de calamidade p\u00fablica em toda a \u00e1rea do territ\u00f3rio do Amap\u00e1, devido \u00e0 interrup\u00e7\u00e3o no abastecimento de energia el\u00e9trica no estado.<\/p>\n<p>O pagamento dos benef\u00edcios de presta\u00e7\u00e3o continuada previdenci\u00e1ria e assistencial administrados pelo INSS \u00e9 antecipado para o primeiro dia \u00fatil do cronograma, a partir da compet\u00eancia de dezembro de 2020 e enquanto perdurar a situa\u00e7\u00e3o de calamidade, diz o documento.<\/p>\n<p><strong>Apag\u00e3o<\/strong><\/p>\n<p>No dia 3 de novembro, um inc\u00eandio em um transformador da subesta\u00e7\u00e3o da capital, Macap\u00e1, ocasionou o desligamento autom\u00e1tico nas linhas de transmiss\u00e3o Laranjal\/Macap\u00e1 e das usinas hidrel\u00e9tricas de Coaracy Nunes e Ferreira Gomes, que abastecem o estado. Durante o per\u00edodo da interrup\u00e7\u00e3o do servi\u00e7o, a popula\u00e7\u00e3o amapaense enfrentou as consequ\u00eancias da falta de energia el\u00e9trica,<\/p>\n<p>A situa\u00e7\u00e3o s\u00f3 foi normalizada nessa ter\u00e7a-feira (24), mais de 20 dias ap\u00f3s a interrup\u00e7\u00e3o do servi\u00e7o com a restaura\u00e7\u00e3o da carga de energia sistema, quando a Companhia de Eletricidade.<\/p>\n<p>Fonte: Ag\u00eancia Brasil<\/p>\n","protected":false},"excerpt":{"rendered":"<p>Portaria autorizando a medida \u00e9 publicada no Di\u00e1rio Oficial da Uni\u00e3o Os benefici\u00e1rios do Instituto Nacional do Seguro Social (INSS) com domic\u00edlios no estado do&#8230;<\/p>\n","protected":false},"author":1182,"featured_media":32456,"comment_status":"closed","ping_status":"closed","sticky":false,"template":"","format":"standard","meta":{"footnotes":""},"categories":[1],"tags":[1268,3013,1839,204],"class_list":["post-32660","post","type-post","status-publish","format-standard","has-post-thumbnail","hentry","category-sem-categoria","tag-amapa","tag-antecipado","tag-inss","tag-pagamento"],"_links":{"self":[{"href":"https:\/\/www.sincomam.org.br\/index.php\/wp-json\/wp\/v2\/posts\/32660","targetHints":{"allow":["GET"]}}],"collection":[{"href":"https:\/\/www.sincomam.org.br\/index.php\/wp-json\/wp\/v2\/posts"}],"about":[{"href":"https:\/\/www.sincomam.org.br\/index.php\/wp-json\/wp\/v2\/types\/post"}],"author":[{"embeddable":true,"href":"https:\/\/www.sincomam.org.br\/index.php\/wp-json\/wp\/v2\/users\/1182"}],"replies":[{"embeddable":true,"href":"https:\/\/www.sincomam.org.br\/index.php\/wp-json\/wp\/v2\/comments?post=32660"}],"version-history":[{"count":1,"href":"https:\/\/www.sincomam.org.br\/index.php\/wp-json\/wp\/v2\/posts\/32660\/revisions"}],"predecessor-version":[{"id":32661,"href":"https:\/\/www.sincomam.org.br\/index.php\/wp-json\/wp\/v2\/posts\/32660\/revisions\/32661"}],"wp:featuredmedia":[{"embeddable":true,"href":"https:\/\/www.sincomam.org.br\/index.php\/wp-json\/wp\/v2\/media\/32456"}],"wp:attachment":[{"href":"https:\/\/www.sincomam.org.br\/index.php\/wp-json\/wp\/v2\/media?parent=32660"}],"wp:term":[{"taxonomy":"category","embeddable":true,"href":"https:\/\/www.sincomam.org.br\/index.php\/wp-json\/wp\/v2\/categories?post=32660"},{"taxonomy":"post_tag","embeddable":true,"href":"https:\/\/www.sincomam.org.br\/index.php\/wp-json\/wp\/v2\/tags?post=32660"}],"curies":[{"name":"wp","href":"https:\/\/api.w.org\/{rel}","templated":true}]}}