{"id":32652,"date":"2020-11-24T09:49:45","date_gmt":"2020-11-24T12:49:45","guid":{"rendered":"http:\/\/www.sincomam.org.br\/?p=32652"},"modified":"2020-11-24T09:49:45","modified_gmt":"2020-11-24T12:49:45","slug":"privatizacao-na-petrobras-raizen-e-ultra-disputam-por-refinarias-no-parana-e-rio-grande-do-sul","status":"publish","type":"post","link":"https:\/\/www.sincomam.org.br\/index.php\/privatizacao-na-petrobras-raizen-e-ultra-disputam-por-refinarias-no-parana-e-rio-grande-do-sul\/","title":{"rendered":"Privatiza\u00e7\u00e3o na Petrobras: Ra\u00edzen e Ultra disputam por refinarias no Paran\u00e1 e Rio Grande do Sul"},"content":{"rendered":"<p>A Ra\u00edzen e a dona dos postos Ipiranga \u2013 Ultra, seguem na disputa pelas refinarias Presidente Get\u00falio Vargas (Repar), no Paran\u00e1, e Alberto Pasqualini (Refap), no Rio Grande do Sul, colocadas \u00e0 venda pela Petrobras.<\/p>\n<p>De acordo com o Estad\u00e3o, o fundo Mubadala, dos Emirados \u00c0rabes Unidos, por sua vez, esteve de olho na Repar, mas \u00e9 cotado para liderar a disputa na Bahia, onde a Petrobras colocou \u00e0 venda sua refinaria Landulfo Alves. O ativo \u00e9 considerado t\u00e3o atrativo quando a Repar, no Paran\u00e1.<\/p>\n<p>As propostas para levar as refinarias do Sul do Pa\u00eds devem ser entregues \u00e0 Petrobras no dia 10 de dezembro.<\/p>\n<p>Investidores chineses, incluindo a Sinopec, podem acabar ficando de fora da competi\u00e7\u00e3o, j\u00e1 que est\u00e3o mais interessados em ativos de infraestrutura de petr\u00f3leo, como gasodutos, e em opera\u00e7\u00f5es de g\u00e1s. Indianos tamb\u00e9m teriam olhado os ativos.<\/p>\n<p>O Estad\u00e3o\/Broadcast apurou que as propostas pela Repar, no Paran\u00e1, devem ficar em torno de US$ 3 bilh\u00f5es, enquanto pela Refap, no Rio Grande do Sul, de US$ 2 bilh\u00f5es.<\/p>\n<p>A Repar e a Refap s\u00e3o as primeiras refinarias na lista de oito das 13 que a Petrobr\u00e1s decidiu vender como parte de um plano de desinvestimentos anunciado no ano passado.<\/p>\n<p>Fonte: Click Petr\u00f3leo e G\u00e1s\/Estad\u00e3o<\/p>\n<p>Foto: divulga\u00e7\u00e3o Ag\u00eancia Petrobras &#8211; Refinaria Revap<\/p>\n","protected":false},"excerpt":{"rendered":"<p>A Ra\u00edzen e a dona dos postos Ipiranga \u2013 Ultra, seguem na disputa pelas refinarias Presidente Get\u00falio Vargas (Repar), no Paran\u00e1, e Alberto Pasqualini (Refap),&#8230;<\/p>\n","protected":false},"author":1182,"featured_media":31531,"comment_status":"closed","ping_status":"closed","sticky":false,"template":"","format":"standard","meta":{"footnotes":""},"categories":[6],"tags":[58,1899,3467,3264,246,218,4113,71],"class_list":["post-32652","post","type-post","status-publish","format-standard","has-post-thumbnail","hentry","category-noticias","tag-petrobras","tag-privatizacao","tag-raizen","tag-refap","tag-refinarias","tag-repar","tag-ultra","tag-venda"],"_links":{"self":[{"href":"https:\/\/www.sincomam.org.br\/index.php\/wp-json\/wp\/v2\/posts\/32652","targetHints":{"allow":["GET"]}}],"collection":[{"href":"https:\/\/www.sincomam.org.br\/index.php\/wp-json\/wp\/v2\/posts"}],"about":[{"href":"https:\/\/www.sincomam.org.br\/index.php\/wp-json\/wp\/v2\/types\/post"}],"author":[{"embeddable":true,"href":"https:\/\/www.sincomam.org.br\/index.php\/wp-json\/wp\/v2\/users\/1182"}],"replies":[{"embeddable":true,"href":"https:\/\/www.sincomam.org.br\/index.php\/wp-json\/wp\/v2\/comments?post=32652"}],"version-history":[{"count":1,"href":"https:\/\/www.sincomam.org.br\/index.php\/wp-json\/wp\/v2\/posts\/32652\/revisions"}],"predecessor-version":[{"id":32653,"href":"https:\/\/www.sincomam.org.br\/index.php\/wp-json\/wp\/v2\/posts\/32652\/revisions\/32653"}],"wp:featuredmedia":[{"embeddable":true,"href":"https:\/\/www.sincomam.org.br\/index.php\/wp-json\/wp\/v2\/media\/31531"}],"wp:attachment":[{"href":"https:\/\/www.sincomam.org.br\/index.php\/wp-json\/wp\/v2\/media?parent=32652"}],"wp:term":[{"taxonomy":"category","embeddable":true,"href":"https:\/\/www.sincomam.org.br\/index.php\/wp-json\/wp\/v2\/categories?post=32652"},{"taxonomy":"post_tag","embeddable":true,"href":"https:\/\/www.sincomam.org.br\/index.php\/wp-json\/wp\/v2\/tags?post=32652"}],"curies":[{"name":"wp","href":"https:\/\/api.w.org\/{rel}","templated":true}]}}