{"id":32649,"date":"2020-11-24T09:27:58","date_gmt":"2020-11-24T12:27:58","guid":{"rendered":"http:\/\/www.sincomam.org.br\/?p=32649"},"modified":"2020-11-24T09:27:58","modified_gmt":"2020-11-24T12:27:58","slug":"depois-de-16-anos-brasil-voltara-a-presidir-g-20-em-2024","status":"publish","type":"post","link":"https:\/\/www.sincomam.org.br\/index.php\/depois-de-16-anos-brasil-voltara-a-presidir-g-20-em-2024\/","title":{"rendered":"Depois de 16 anos, Brasil voltar\u00e1 a presidir G-20 em 2024"},"content":{"rendered":"<p>O Brasil voltar\u00e1 a ser presidente do grupo das 20 maiores economias do globo (G-20). A \u00faltima vez em que o Pa\u00eds liderou o grupo foi em 2008, no auge da crise financeira internacional, que acabou por fortalecer o organismo multilateral e \u00e9, at\u00e9 hoje, considerado um marco em sua exist\u00eancia pela forma como lidou rapidamente e em conjunto com a turbul\u00eancia.<\/p>\n<p>De acordo com o comunicado dos l\u00edderes do G20 divulgado no \u00faltimo domingo, 22, o Brasil ser\u00e1 o anfitri\u00e3o do grupo no ano de 2024. Atualmente, a presid\u00eancia est\u00e1 com a Ar\u00e1bia Saudita \u2013 que pela primeira vez organizou o evento de forma virtual por causa da pandemia de coronav\u00edrus. O pa\u00eds passar\u00e1 o bast\u00e3o para a It\u00e1lia no pr\u00f3ximo dia 1\u00ba de dezembro.<\/p>\n<p>A reuni\u00e3o que ocorreu em S\u00e3o Paulo em novembro de 2008 foi uma esp\u00e9cie de \u201caquecimento\u201d para uma novidade que o grupo acabava de criar por causa da crise: a primeira c\u00fapula de chefes de Estado, convocada pelo ent\u00e3o presidente americano, George W. Bush. Era justamente naquela \u00e9poca que os pa\u00edses emergentes pediam mais espa\u00e7o de participa\u00e7\u00e3o nas decis\u00f5es globais e na cria\u00e7\u00e3o de respostas articuladas em conjunto. E passaram a ter mais representatividade.<\/p>\n<p>Representantes do G-20 j\u00e1 se encontravam uma vez por ano desde 1999, mas especialistas apontam o ano de 2008, quando as reuni\u00f5es ocorreram em S\u00e3o Paulo, como a verdadeira decolagem do grupo. A institui\u00e7\u00e3o foi criada no final da d\u00e9cada de 90 como uma rea\u00e7\u00e3o \u00e0 crise que teve in\u00edcio na \u00c1sia e acabou contaminando todo o mundo.<\/p>\n<p>Cabe ao pa\u00eds que preside o G-20 a escolha dos principais temas que ser\u00e3o debatidos ao longo daquele ano. H\u00e1 16 anos, o Brasil selecionou competi\u00e7\u00e3o nos mercados financeiros, energia limpa e desenvolvimento econ\u00f4mico, e elementos fiscais de crescimento e desenvolvimento.<\/p>\n<p>Nos encontros de alto n\u00edvel do G-20, al\u00e9m de chefes de Estado e de governo, participam tamb\u00e9m as autoridades m\u00e1ximas de organismos multilaterais, como Fundo Monet\u00e1rio Internacional (FMI), Organiza\u00e7\u00e3o para Coopera\u00e7\u00e3o e Desenvolvimento Econ\u00f4mico (OCDE) e Banco Mundial.<\/p>\n<p>Fonte: Estad\u00e3o On-line \/ Foto: divulga\u00e7\u00e3o<\/p>\n","protected":false},"excerpt":{"rendered":"<p>O Brasil voltar\u00e1 a ser presidente do grupo das 20 maiores economias do globo (G-20). A \u00faltima vez em que o Pa\u00eds liderou o grupo&#8230;<\/p>\n","protected":false},"author":1182,"featured_media":32650,"comment_status":"closed","ping_status":"closed","sticky":false,"template":"","format":"standard","meta":{"footnotes":""},"categories":[6],"tags":[61,2752,1788,856,2845,4111,4112,1210],"class_list":["post-32649","post","type-post","status-publish","format-standard","has-post-thumbnail","hentry","category-noticias","tag-brasil","tag-coronavirus","tag-crise","tag-economia","tag-financeira","tag-g-20","tag-lider","tag-mundo"],"_links":{"self":[{"href":"https:\/\/www.sincomam.org.br\/index.php\/wp-json\/wp\/v2\/posts\/32649","targetHints":{"allow":["GET"]}}],"collection":[{"href":"https:\/\/www.sincomam.org.br\/index.php\/wp-json\/wp\/v2\/posts"}],"about":[{"href":"https:\/\/www.sincomam.org.br\/index.php\/wp-json\/wp\/v2\/types\/post"}],"author":[{"embeddable":true,"href":"https:\/\/www.sincomam.org.br\/index.php\/wp-json\/wp\/v2\/users\/1182"}],"replies":[{"embeddable":true,"href":"https:\/\/www.sincomam.org.br\/index.php\/wp-json\/wp\/v2\/comments?post=32649"}],"version-history":[{"count":1,"href":"https:\/\/www.sincomam.org.br\/index.php\/wp-json\/wp\/v2\/posts\/32649\/revisions"}],"predecessor-version":[{"id":32651,"href":"https:\/\/www.sincomam.org.br\/index.php\/wp-json\/wp\/v2\/posts\/32649\/revisions\/32651"}],"wp:featuredmedia":[{"embeddable":true,"href":"https:\/\/www.sincomam.org.br\/index.php\/wp-json\/wp\/v2\/media\/32650"}],"wp:attachment":[{"href":"https:\/\/www.sincomam.org.br\/index.php\/wp-json\/wp\/v2\/media?parent=32649"}],"wp:term":[{"taxonomy":"category","embeddable":true,"href":"https:\/\/www.sincomam.org.br\/index.php\/wp-json\/wp\/v2\/categories?post=32649"},{"taxonomy":"post_tag","embeddable":true,"href":"https:\/\/www.sincomam.org.br\/index.php\/wp-json\/wp\/v2\/tags?post=32649"}],"curies":[{"name":"wp","href":"https:\/\/api.w.org\/{rel}","templated":true}]}}