{"id":32646,"date":"2020-11-24T09:13:20","date_gmt":"2020-11-24T12:13:20","guid":{"rendered":"http:\/\/www.sincomam.org.br\/?p=32646"},"modified":"2020-11-24T09:13:58","modified_gmt":"2020-11-24T12:13:58","slug":"eleitor-nao-pode-ser-preso-a-partir-desta-terca-feira","status":"publish","type":"post","link":"https:\/\/www.sincomam.org.br\/index.php\/eleitor-nao-pode-ser-preso-a-partir-desta-terca-feira\/","title":{"rendered":"2\u00ba turno: Eleitor n\u00e3o pode ser preso a partir desta ter\u00e7a-feira"},"content":{"rendered":"<p><strong><em>Restri\u00e7\u00e3o a deten\u00e7\u00f5es vai at\u00e9 48 horas ap\u00f3s o segundo turno<\/em><\/strong><\/p>\n<p>Os eleitores que moram nas cidades que ter\u00e3o segundo turno das elei\u00e7\u00f5es municipais n\u00e3o podem ser presos a partir desta ter\u00e7a-feira (24). A restri\u00e7\u00e3o \u00e9 v\u00e1lida no per\u00edodo de cinco dias antes do pleito e 48 horas depois da vota\u00e7\u00e3o. A segunda rodada de vota\u00e7\u00e3o ser\u00e1 realizada no pr\u00f3ximo domingo (29).<\/p>\n<p>De acordo com o Tribunal Superior Eleitoral (TSE), h\u00e1 exce\u00e7\u00f5es sobre a impossibilidade de pris\u00e3o. As regras n\u00e3o se aplicam aos casos de crime em flagrante e de senten\u00e7a condenat\u00f3ria por crime inafian\u00e7\u00e1vel, como racismo, tortura e tr\u00e1fico de drogas.<\/p>\n<p>Criada pela Lei 4.727\/1965, a restri\u00e7\u00e3o das pris\u00f5es no per\u00edodo eleitoral est\u00e1 prevista no Artigo 236 do C\u00f3digo Eleitoral. Pelo dispositivo,\u201c nenhuma autoridade poder\u00e1, desde cinco dias antes e at\u00e9 48 horas depois do encerramento da elei\u00e7\u00e3o, prender ou deter qualquer eleitor, salvo em flagrante delito\u201d.<\/p>\n<p>No domingo, cerca de 38 milh\u00f5es de pessoas est\u00e3o aptas a votar no segundo turno, que ocorrer\u00e1 em 57 cidades do pa\u00eds, das quais 18 s\u00e3o capitais.<\/p>\n<p><strong>Cidades com 2\u00ba turno<\/strong><\/p>\n<p>O segundo turno deste ano acontecer\u00e1 em 18 capitais e outras 39 cidades brasileiras. Eleitores de todo o pa\u00eds retornam \u00e0s urnas no pr\u00f3ximo domingo (29), para decidir seus prefeitos. O estado de S\u00e3o Paulo lidera o ranking dos estados que mais ter\u00e3o munic\u00edpios com disputa de segundo turno, segundo levantamento do &#8220;Estad\u00e3o&#8221;. Podem ter 2\u00ba turno as cidades com mais de 200 mil eleitores.<\/p>\n<p><strong>Preven\u00e7\u00e3o da Covid-19<\/strong><\/p>\n<p>Os cuidados com a higieniza\u00e7\u00e3o e manter o distanciamento social devem ser considerados. O especialista do Hospital Alem\u00e3o Oswaldo Cruz, o infectologista Dr. Ivan Fran\u00e7a, aponta algumas dicas importantes para evitar a contamina\u00e7\u00e3o pelo novo coronav\u00edrus. Segundo o m\u00e9dico, os cuidados j\u00e1 come\u00e7am antes de sair de casa, como levar pr\u00f3prio papel com as anota\u00e7\u00f5es dos n\u00fameros dos candidatos em quem ir\u00e1 votar, tamb\u00e9m ir ao local da vota\u00e7\u00e3o com a pr\u00f3pria caneta caso seja preciso utilizar, evitar transporte p\u00fablico cheio, evitar levar crian\u00e7as e sair de casa com a m\u00e1scara, que \u00e9 de uso obrigat\u00f3rio em todo territ\u00f3rio nacional.<\/p>\n<p>Fonte: Ag\u00eancia Brasil\/Hospital Alem\u00e3o Oswaldo Cruz (SP)<\/p>\n","protected":false},"excerpt":{"rendered":"<p>Restri\u00e7\u00e3o a deten\u00e7\u00f5es vai at\u00e9 48 horas ap\u00f3s o segundo turno Os eleitores que moram nas cidades que ter\u00e3o segundo turno das elei\u00e7\u00f5es municipais n\u00e3o&#8230;<\/p>\n","protected":false},"author":1182,"featured_media":31313,"comment_status":"closed","ping_status":"closed","sticky":false,"template":"","format":"standard","meta":{"footnotes":""},"categories":[6],"tags":[61,4106,408,3064,2752,2751,4107,1348,4110,4108,4109,2931,740,2774,59,366,4105],"class_list":["post-32646","post","type-post","status-publish","format-standard","has-post-thumbnail","hentry","category-noticias","tag-brasil","tag-capital","tag-cidades","tag-contaminacao","tag-coronavirus","tag-covid-19","tag-delito","tag-eleicao","tag-hospital-alemao-oswaldo-cruz","tag-impossibilidade","tag-prefeitos","tag-prevencao","tag-prisao","tag-restricao","tag-rio-de-janeiro","tag-sao-paulo","tag-segundo-turno"],"_links":{"self":[{"href":"https:\/\/www.sincomam.org.br\/index.php\/wp-json\/wp\/v2\/posts\/32646","targetHints":{"allow":["GET"]}}],"collection":[{"href":"https:\/\/www.sincomam.org.br\/index.php\/wp-json\/wp\/v2\/posts"}],"about":[{"href":"https:\/\/www.sincomam.org.br\/index.php\/wp-json\/wp\/v2\/types\/post"}],"author":[{"embeddable":true,"href":"https:\/\/www.sincomam.org.br\/index.php\/wp-json\/wp\/v2\/users\/1182"}],"replies":[{"embeddable":true,"href":"https:\/\/www.sincomam.org.br\/index.php\/wp-json\/wp\/v2\/comments?post=32646"}],"version-history":[{"count":2,"href":"https:\/\/www.sincomam.org.br\/index.php\/wp-json\/wp\/v2\/posts\/32646\/revisions"}],"predecessor-version":[{"id":32648,"href":"https:\/\/www.sincomam.org.br\/index.php\/wp-json\/wp\/v2\/posts\/32646\/revisions\/32648"}],"wp:featuredmedia":[{"embeddable":true,"href":"https:\/\/www.sincomam.org.br\/index.php\/wp-json\/wp\/v2\/media\/31313"}],"wp:attachment":[{"href":"https:\/\/www.sincomam.org.br\/index.php\/wp-json\/wp\/v2\/media?parent=32646"}],"wp:term":[{"taxonomy":"category","embeddable":true,"href":"https:\/\/www.sincomam.org.br\/index.php\/wp-json\/wp\/v2\/categories?post=32646"},{"taxonomy":"post_tag","embeddable":true,"href":"https:\/\/www.sincomam.org.br\/index.php\/wp-json\/wp\/v2\/tags?post=32646"}],"curies":[{"name":"wp","href":"https:\/\/api.w.org\/{rel}","templated":true}]}}