{"id":32632,"date":"2020-11-23T08:19:28","date_gmt":"2020-11-23T11:19:28","guid":{"rendered":"http:\/\/www.sincomam.org.br\/?p=32632"},"modified":"2020-11-23T01:30:02","modified_gmt":"2020-11-23T04:30:02","slug":"marinha-do-brasil-resgata-tripulante-de-navio-mercante","status":"publish","type":"post","link":"https:\/\/www.sincomam.org.br\/index.php\/marinha-do-brasil-resgata-tripulante-de-navio-mercante\/","title":{"rendered":"Marinha do Brasil resgata tripulante de navio mercante"},"content":{"rendered":"<p><strong><em>Aeronave UH-15 realizou o transporte do tripulante<\/em><\/strong><\/p>\n<p>A Marinha do Brasil informou que, o Navio Mercante &#8220;Cape Magn\u00f3lia&#8221;, de bandeira panamenha, que navegava de Sepetiba (RJ) para Singapura, entrou em contato com o Salvamar Sueste, estrutura org\u00e2nica respons\u00e1vel por Opera\u00e7\u00f5es de Busca e Salvamento do Comando do 1\u00ba Distrito Naval, solicitando o resgate de um tripulante que havia sofrido trauma na \u00e1rea frontal da cabe\u00e7a e na nuca.<\/p>\n<p>O navio, que estava a cerca de 360 milhas n\u00e1uticas (667 quil\u00f4metros) a sudeste do Rio de Janeiro (RJ), foi orientado a alterar a navega\u00e7\u00e3o, de forma a possibilitar que a Aeronave de Servi\u00e7o da Esquadra efetuasse uma Evacua\u00e7\u00e3o Aerom\u00e9dica (EVAM).<\/p>\n<p>Durante o per\u00edodo de deslocamento, um m\u00e9dico da Marinha prestou servi\u00e7o de assist\u00eancia por telemedicina e auxiliou a estabilizar o quadro de sa\u00fade do tripulante.<\/p>\n<p>Assim, na manh\u00e3 do dia 17, a 150 milhas n\u00e1uticas (278 quil\u00f4metros) a sudeste do Rio de Janeiro, uma aeronave UH-15, pertencente ao 2\u00ba Esquadr\u00e3o de Helic\u00f3pteros de Emprego Geral, sediado em S\u00e3o Pedro da Aldeia (RJ), realizou o resgate e transporte do ferido para o aeroporto Santos Dumont.<\/p>\n<p>O tripulante foi imediatamente encaminhado a um hospital, onde realizou exames m\u00e9dicos e, ap\u00f3s ser submetido a duas cirurgias, se encontra em recupera\u00e7\u00e3o.<\/p>\n<p>*Com informa\u00e7\u00f5es MB<\/p>\n","protected":false},"excerpt":{"rendered":"<p>Aeronave UH-15 realizou o transporte do tripulante A Marinha do Brasil informou que, o Navio Mercante &#8220;Cape Magn\u00f3lia&#8221;, de bandeira panamenha, que navegava de Sepetiba&#8230;<\/p>\n","protected":false},"author":1182,"featured_media":32633,"comment_status":"closed","ping_status":"closed","sticky":false,"template":"","format":"standard","meta":{"footnotes":""},"categories":[6],"tags":[688,2078,567,47,394,978],"class_list":["post-32632","post","type-post","status-publish","format-standard","has-post-thumbnail","hentry","category-noticias","tag-aviao","tag-marinha-do-japao","tag-mercante","tag-navio","tag-resgate","tag-tripulante"],"_links":{"self":[{"href":"https:\/\/www.sincomam.org.br\/index.php\/wp-json\/wp\/v2\/posts\/32632","targetHints":{"allow":["GET"]}}],"collection":[{"href":"https:\/\/www.sincomam.org.br\/index.php\/wp-json\/wp\/v2\/posts"}],"about":[{"href":"https:\/\/www.sincomam.org.br\/index.php\/wp-json\/wp\/v2\/types\/post"}],"author":[{"embeddable":true,"href":"https:\/\/www.sincomam.org.br\/index.php\/wp-json\/wp\/v2\/users\/1182"}],"replies":[{"embeddable":true,"href":"https:\/\/www.sincomam.org.br\/index.php\/wp-json\/wp\/v2\/comments?post=32632"}],"version-history":[{"count":1,"href":"https:\/\/www.sincomam.org.br\/index.php\/wp-json\/wp\/v2\/posts\/32632\/revisions"}],"predecessor-version":[{"id":32634,"href":"https:\/\/www.sincomam.org.br\/index.php\/wp-json\/wp\/v2\/posts\/32632\/revisions\/32634"}],"wp:featuredmedia":[{"embeddable":true,"href":"https:\/\/www.sincomam.org.br\/index.php\/wp-json\/wp\/v2\/media\/32633"}],"wp:attachment":[{"href":"https:\/\/www.sincomam.org.br\/index.php\/wp-json\/wp\/v2\/media?parent=32632"}],"wp:term":[{"taxonomy":"category","embeddable":true,"href":"https:\/\/www.sincomam.org.br\/index.php\/wp-json\/wp\/v2\/categories?post=32632"},{"taxonomy":"post_tag","embeddable":true,"href":"https:\/\/www.sincomam.org.br\/index.php\/wp-json\/wp\/v2\/tags?post=32632"}],"curies":[{"name":"wp","href":"https:\/\/api.w.org\/{rel}","templated":true}]}}