{"id":32630,"date":"2020-11-23T08:16:07","date_gmt":"2020-11-23T11:16:07","guid":{"rendered":"http:\/\/www.sincomam.org.br\/?p=32630"},"modified":"2020-11-23T01:23:56","modified_gmt":"2020-11-23T04:23:56","slug":"petrobras-prorroga-ate-31-de-marco-o-teletrabalho-dos-funcionarios","status":"publish","type":"post","link":"https:\/\/www.sincomam.org.br\/index.php\/petrobras-prorroga-ate-31-de-marco-o-teletrabalho-dos-funcionarios\/","title":{"rendered":"Petrobras prorroga at\u00e9 31 de mar\u00e7o o teletrabalho dos funcion\u00e1rios"},"content":{"rendered":"<p><strong><em>Estatal diz que a medida visa prevenir e proteger \u00e0 sa\u00fade dos seus colaboradores<\/em><\/strong><\/p>\n<p>A Petrobras informou, em comunicado, que adiou em car\u00e1ter excepcional, o prazo para retorno \u00e0s atividades presenciais em regime administrativo cujas atividades continuam vi\u00e1veis remotamente. O teletrabalho nos moldes atuais, durante cinco dias na semana, est\u00e1 prorrogado at\u00e9 31 de mar\u00e7o de 2021.<\/p>\n<p>A companhia ressaltou que continuar\u00e1 monitorando os cen\u00e1rios interno e externo, como foco na preven\u00e7\u00e3o e a seguran\u00e7a das pessoas.<\/p>\n<p><em>\u201cAlgumas atividades, por sua natureza e essencialidade, n\u00e3o podem prosseguir de forma remota. Quando o retorno for necess\u00e1rio, os colaboradores ser\u00e3o comunicados com anteced\u00eancia e a volta ser\u00e1 realizada sempre de forma segura e gradual\u201d, disse a Estatal, em nota.<\/em><\/p>\n<p>Segue a\u00e7\u00f5es contra a Covid-19 dentro das instala\u00e7\u00f5es da companhia:<\/p>\n<ul>\n<li>Ado\u00e7\u00e3o de teletrabalho emergencial at\u00e9 31 de mar\u00e7o para empregados que podem desempenhar as atividades remotamente;<\/li>\n<li>Mais de 320 mil testes realizados com estrat\u00e9gia de testagem ampla para suspeitos e contactantes e para inqu\u00e9rito epidemiol\u00f3gico;<\/li>\n<li>Monitoramento em tempo real de casos com uso de intelig\u00eancia de dados;<\/li>\n<li>Cuidados especiais para embarque em plataformas: monitoramento de sa\u00fade antes do embarque, briefing virtual e triagem com testagem diagn\u00f3stica no pr\u00e9-embarque;<\/li>\n<li>Ajustes nas rotinas operacionais, com refor\u00e7o na higieniza\u00e7\u00e3o e distanciamento nos ambientes;<\/li>\n<li>Mais de 11 milh\u00f5es de m\u00e1scaras faciais distribu\u00eddas nas unidades operacionais;<\/li>\n<li>Avalia\u00e7\u00e3o rigorosa de riscos para retorno gradual do efetivo presencial em unidades operacionais.<\/li>\n<\/ul>\n<p>Foto: divulga\u00e7\u00e3o<\/p>\n","protected":false},"excerpt":{"rendered":"<p>Estatal diz que a medida visa prevenir e proteger \u00e0 sa\u00fade dos seus colaboradores A Petrobras informou, em comunicado, que adiou em car\u00e1ter excepcional, o&#8230;<\/p>\n","protected":false},"author":1182,"featured_media":30932,"comment_status":"closed","ping_status":"closed","sticky":false,"template":"","format":"standard","meta":{"footnotes":""},"categories":[6],"tags":[4099,2752,2751,1460,704,377,58,1652,3301],"class_list":["post-32630","post","type-post","status-publish","format-standard","has-post-thumbnail","hentry","category-noticias","tag-administrativo","tag-coronavirus","tag-covid-19","tag-infectados","tag-marco","tag-operacao","tag-petrobras","tag-plataformas","tag-teletrabalho"],"_links":{"self":[{"href":"https:\/\/www.sincomam.org.br\/index.php\/wp-json\/wp\/v2\/posts\/32630","targetHints":{"allow":["GET"]}}],"collection":[{"href":"https:\/\/www.sincomam.org.br\/index.php\/wp-json\/wp\/v2\/posts"}],"about":[{"href":"https:\/\/www.sincomam.org.br\/index.php\/wp-json\/wp\/v2\/types\/post"}],"author":[{"embeddable":true,"href":"https:\/\/www.sincomam.org.br\/index.php\/wp-json\/wp\/v2\/users\/1182"}],"replies":[{"embeddable":true,"href":"https:\/\/www.sincomam.org.br\/index.php\/wp-json\/wp\/v2\/comments?post=32630"}],"version-history":[{"count":1,"href":"https:\/\/www.sincomam.org.br\/index.php\/wp-json\/wp\/v2\/posts\/32630\/revisions"}],"predecessor-version":[{"id":32631,"href":"https:\/\/www.sincomam.org.br\/index.php\/wp-json\/wp\/v2\/posts\/32630\/revisions\/32631"}],"wp:featuredmedia":[{"embeddable":true,"href":"https:\/\/www.sincomam.org.br\/index.php\/wp-json\/wp\/v2\/media\/30932"}],"wp:attachment":[{"href":"https:\/\/www.sincomam.org.br\/index.php\/wp-json\/wp\/v2\/media?parent=32630"}],"wp:term":[{"taxonomy":"category","embeddable":true,"href":"https:\/\/www.sincomam.org.br\/index.php\/wp-json\/wp\/v2\/categories?post=32630"},{"taxonomy":"post_tag","embeddable":true,"href":"https:\/\/www.sincomam.org.br\/index.php\/wp-json\/wp\/v2\/tags?post=32630"}],"curies":[{"name":"wp","href":"https:\/\/api.w.org\/{rel}","templated":true}]}}