{"id":32624,"date":"2020-11-23T08:04:51","date_gmt":"2020-11-23T11:04:51","guid":{"rendered":"http:\/\/www.sincomam.org.br\/?p=32624"},"modified":"2020-11-23T00:56:17","modified_gmt":"2020-11-23T03:56:17","slug":"ministerio-reconhece-estado-de-calamidade-publica-no-amapa","status":"publish","type":"post","link":"https:\/\/www.sincomam.org.br\/index.php\/ministerio-reconhece-estado-de-calamidade-publica-no-amapa\/","title":{"rendered":"Minist\u00e9rio reconhece estado de calamidade p\u00fablica no Amap\u00e1"},"content":{"rendered":"<p><strong><em>Medida permite antecipar benef\u00edcios sociais \u00e0 popula\u00e7\u00e3o; J\u00e1 s\u00e3o 20 dias sem energia el\u00e9trica<\/em><\/strong><\/p>\n<p>O Minist\u00e9rio do Desenvolvimento Regional publicou portaria em que reconhece o estado de calamidade p\u00fablica no Amap\u00e1. No dia 3 de novembro, um inc\u00eandio no transformador de uma subesta\u00e7\u00e3o de energia deixou 14 das 16 cidades do estado sem luz. Foram mais de 80 horas sem energia el\u00e9trica e atualmente a popula\u00e7\u00e3o continua com o fornecimento limitado, em sistema de rod\u00edzio.<\/p>\n<p>Em portaria publicada ontem (21) no Di\u00e1rio Oficial da Uni\u00e3o, o secret\u00e1rio nacional de Prote\u00e7\u00e3o e Defesa Civil, Alexandre Lucas Alves, reconhece \u201cpor procedimento sum\u00e1rio, o estado de calamidade p\u00fablica na \u00e1rea do territ\u00f3rio do estado do Amap\u00e1, afetada pelo desastre\u201d.<\/p>\n<p>O Amap\u00e1 j\u00e1 estava em estado de emerg\u00eancia quando foram repassados R$ 21,5 milh\u00f5es ao estado para o aluguel de geradores e a compra de combust\u00edvel.<\/p>\n<p>Na pr\u00e1tica, n\u00e3o h\u00e1 diferen\u00e7a entre estado de emerg\u00eancia ou calamidade. Mas o estado de calamidade d\u00e1 mais seguran\u00e7a jur\u00eddica e permite ao governo federal antecipar pagamentos de aposentadorias e benef\u00edcios assistenciais como Benef\u00edcio de Presta\u00e7\u00e3o Continuada (BPC) e Bolsa Fam\u00edlia.<\/p>\n<p>Segundo o ministro de Minas e Energia, Bento Albuquerque, a carga completa poder\u00e1 voltar ao normal at\u00e9 26 de novembro.<\/p>\n<p><strong>20 dias de Apag\u00e3o<\/strong><\/p>\n<p>O Amap\u00e1 completou neste domingo (22), seu 20\u00ba dia de apag\u00e3o ap\u00f3s dois blecautes. Nem o acionamento de geradores termoel\u00e9tricos no s\u00e1bado, com a presen\u00e7a do presidente Jair Bolsonaro, garantiram a retomada completa do fornecimento.<\/p>\n<p>Segundo o Minist\u00e9rio de Minas e Energia (MME), os 47 geradores instalados em subesta\u00e7\u00f5es da capital e da cidade vizinha de Santana seriam suficientes para atingir os 100% da carga necess\u00e1ria para abastecer todas as cidades, por\u00e9m no s\u00e1bado foram ligados s\u00f3 20 megawatts dos 45 contratados. O restante entrou em opera\u00e7\u00e3o neste domingo, anunciou a pasta.<\/p>\n<p>Fonte: Ag\u00eancia Brasil<\/p>\n","protected":false},"excerpt":{"rendered":"<p>Medida permite antecipar benef\u00edcios sociais \u00e0 popula\u00e7\u00e3o; J\u00e1 s\u00e3o 20 dias sem energia el\u00e9trica O Minist\u00e9rio do Desenvolvimento Regional publicou portaria em que reconhece o&#8230;<\/p>\n","protected":false},"author":1182,"featured_media":32563,"comment_status":"closed","ping_status":"closed","sticky":false,"template":"","format":"standard","meta":{"footnotes":""},"categories":[6],"tags":[2654,1268,470,1788,1076,424,4097],"class_list":["post-32624","post","type-post","status-publish","format-standard","has-post-thumbnail","hentry","category-noticias","tag-abastecimento","tag-amapa","tag-apagao","tag-crise","tag-eletrica","tag-energia","tag-gerador"],"_links":{"self":[{"href":"https:\/\/www.sincomam.org.br\/index.php\/wp-json\/wp\/v2\/posts\/32624","targetHints":{"allow":["GET"]}}],"collection":[{"href":"https:\/\/www.sincomam.org.br\/index.php\/wp-json\/wp\/v2\/posts"}],"about":[{"href":"https:\/\/www.sincomam.org.br\/index.php\/wp-json\/wp\/v2\/types\/post"}],"author":[{"embeddable":true,"href":"https:\/\/www.sincomam.org.br\/index.php\/wp-json\/wp\/v2\/users\/1182"}],"replies":[{"embeddable":true,"href":"https:\/\/www.sincomam.org.br\/index.php\/wp-json\/wp\/v2\/comments?post=32624"}],"version-history":[{"count":1,"href":"https:\/\/www.sincomam.org.br\/index.php\/wp-json\/wp\/v2\/posts\/32624\/revisions"}],"predecessor-version":[{"id":32625,"href":"https:\/\/www.sincomam.org.br\/index.php\/wp-json\/wp\/v2\/posts\/32624\/revisions\/32625"}],"wp:featuredmedia":[{"embeddable":true,"href":"https:\/\/www.sincomam.org.br\/index.php\/wp-json\/wp\/v2\/media\/32563"}],"wp:attachment":[{"href":"https:\/\/www.sincomam.org.br\/index.php\/wp-json\/wp\/v2\/media?parent=32624"}],"wp:term":[{"taxonomy":"category","embeddable":true,"href":"https:\/\/www.sincomam.org.br\/index.php\/wp-json\/wp\/v2\/categories?post=32624"},{"taxonomy":"post_tag","embeddable":true,"href":"https:\/\/www.sincomam.org.br\/index.php\/wp-json\/wp\/v2\/tags?post=32624"}],"curies":[{"name":"wp","href":"https:\/\/api.w.org\/{rel}","templated":true}]}}