{"id":32613,"date":"2020-11-19T08:17:38","date_gmt":"2020-11-19T11:17:38","guid":{"rendered":"http:\/\/www.sincomam.org.br\/?p=32613"},"modified":"2020-11-19T01:00:47","modified_gmt":"2020-11-19T04:00:47","slug":"maersk-eleva-projecoes-e-lanca-programa-de-recompra-de-acoes-de-us-16-bi","status":"publish","type":"post","link":"https:\/\/www.sincomam.org.br\/index.php\/maersk-eleva-projecoes-e-lanca-programa-de-recompra-de-acoes-de-us-16-bi\/","title":{"rendered":"Maersk eleva proje\u00e7\u00f5es e lan\u00e7a programa de recompra de a\u00e7\u00f5es de US$ 1,6 bi"},"content":{"rendered":"<p>A gigante de transporte A.P. Moller-Maersk lan\u00e7ou um programa de recompra de a\u00e7\u00f5es de US$ 1,6 bilh\u00e3o, ap\u00f3s aumentar a proje\u00e7\u00e3o de Ebitda (lucro antes de juros, impostos, deprecia\u00e7\u00f5es e amortiza\u00e7\u00f5es) para uma faixa entre US$ 8 bilh\u00f5es e US$ 8,5 bilh\u00f5es para 2020. Segundo a empresa, o programa de recompra foi apoiado pelos fortes lucros e gera\u00e7\u00e3o de caixa.<\/p>\n<p>A proje\u00e7\u00e3o anterior do Ebitda era de US$ 7,5 a US$ 8 bilh\u00f5es e a primeira fase do programa de recompra, de US$ 500 milh\u00f5es, est\u00e1 prevista para ocorrer de 1\u00ba de dezembro a abril de 2021.<\/p>\n<p>A empresa dinamarquesa, vista como um term\u00f4metro para o com\u00e9rcio global, relatou uma recupera\u00e7\u00e3o mais forte do que o esperado na demanda, em parte impulsionada por um aumento nos consumidores americanos que compram produtos do Extremo Oriente.<\/p>\n<p>As vendas ca\u00edram 1,4%, para US$ 9,9 bilh\u00f5es nos tr\u00eas meses at\u00e9 30 de setembro, e o Ebitda aumentou 39%, para US$ 2,3 bilh\u00f5es \u2014 em linha com a atualiza\u00e7\u00e3o comercial da empresa no m\u00eas passado.<\/p>\n<p>A demanda por remessas despencou no in\u00edcio deste ano com a epidemia de coronav\u00edrus, levando a Maersk \u2014 que movimenta cerca de um quinto dos cont\u00eaineres mundiais \u2014 a suspender sua proje\u00e7\u00e3o para o ano inteiro em mar\u00e7o. A demanda global de cont\u00eaineres diminuiu 4,7% no primeiro trimestre, antes de cair 10% no segundo trimestre.<\/p>\n<p>Fonte: Valor<\/p>\n","protected":false},"excerpt":{"rendered":"<p>A gigante de transporte A.P. Moller-Maersk lan\u00e7ou um programa de recompra de a\u00e7\u00f5es de US$ 1,6 bilh\u00e3o, ap\u00f3s aumentar a proje\u00e7\u00e3o de Ebitda (lucro antes&#8230;<\/p>\n","protected":false},"author":1182,"featured_media":3600,"comment_status":"closed","ping_status":"closed","sticky":false,"template":"","format":"standard","meta":{"footnotes":""},"categories":[6],"tags":[437,754,4096],"class_list":["post-32613","post","type-post","status-publish","format-standard","has-post-thumbnail","hentry","category-noticias","tag-maersk","tag-programa","tag-recompra"],"_links":{"self":[{"href":"https:\/\/www.sincomam.org.br\/index.php\/wp-json\/wp\/v2\/posts\/32613","targetHints":{"allow":["GET"]}}],"collection":[{"href":"https:\/\/www.sincomam.org.br\/index.php\/wp-json\/wp\/v2\/posts"}],"about":[{"href":"https:\/\/www.sincomam.org.br\/index.php\/wp-json\/wp\/v2\/types\/post"}],"author":[{"embeddable":true,"href":"https:\/\/www.sincomam.org.br\/index.php\/wp-json\/wp\/v2\/users\/1182"}],"replies":[{"embeddable":true,"href":"https:\/\/www.sincomam.org.br\/index.php\/wp-json\/wp\/v2\/comments?post=32613"}],"version-history":[{"count":1,"href":"https:\/\/www.sincomam.org.br\/index.php\/wp-json\/wp\/v2\/posts\/32613\/revisions"}],"predecessor-version":[{"id":32614,"href":"https:\/\/www.sincomam.org.br\/index.php\/wp-json\/wp\/v2\/posts\/32613\/revisions\/32614"}],"wp:featuredmedia":[{"embeddable":true,"href":"https:\/\/www.sincomam.org.br\/index.php\/wp-json\/wp\/v2\/media\/3600"}],"wp:attachment":[{"href":"https:\/\/www.sincomam.org.br\/index.php\/wp-json\/wp\/v2\/media?parent=32613"}],"wp:term":[{"taxonomy":"category","embeddable":true,"href":"https:\/\/www.sincomam.org.br\/index.php\/wp-json\/wp\/v2\/categories?post=32613"},{"taxonomy":"post_tag","embeddable":true,"href":"https:\/\/www.sincomam.org.br\/index.php\/wp-json\/wp\/v2\/tags?post=32613"}],"curies":[{"name":"wp","href":"https:\/\/api.w.org\/{rel}","templated":true}]}}