{"id":32610,"date":"2020-11-19T08:12:08","date_gmt":"2020-11-19T11:12:08","guid":{"rendered":"http:\/\/www.sincomam.org.br\/?p=32610"},"modified":"2020-11-19T00:26:47","modified_gmt":"2020-11-19T03:26:47","slug":"banco-central-ve-economia-desacelerar-no-4o-trimestre-e-pretende-conter-alta-do-dolar-no-fim-do-ano","status":"publish","type":"post","link":"https:\/\/www.sincomam.org.br\/index.php\/banco-central-ve-economia-desacelerar-no-4o-trimestre-e-pretende-conter-alta-do-dolar-no-fim-do-ano\/","title":{"rendered":"Banco Central v\u00ea economia desacelerar no 4\u00ba trimestre e pretende conter alta do d\u00f3lar no fim do ano"},"content":{"rendered":"<p><strong><em>Afirma\u00e7\u00e3o \u00e9 do diretor de Pol\u00edtica Monet\u00e1ria do Banco Central, Bruno Serra, que participou de &#8216;live&#8217; do jornal &#8216;Valor Econ\u00f4mico&#8217; nesta quarta (18)<\/em><\/strong><\/p>\n<p>O diretor de Pol\u00edtica Monet\u00e1ria do Banco Central, Bruno Serra, avaliou nesta quarta-feira (18) que a economia brasileira deve desacelerar no quarto trimestre devido \u00e0 redu\u00e7\u00e3o do valor do aux\u00edlio emergencial pago pelo governo a trabalhadores informais durante a pandemia.<\/p>\n<p>Ele indicou ainda que a institui\u00e7\u00e3o deve atuar para conter a alta do d\u00f3lar prevista para o fim do ano, causada por um tradicional aumento da demanda neste per\u00edodo, al\u00e9m de mudan\u00e7as na legisla\u00e7\u00e3o.<\/p>\n<p>Na semana passada, o BC divulgou estimativa que aponta para alta de 9,47% do PIB no terceiro trimestre de 2020.<\/p>\n<p>Segundo Serra, entretanto, seria &#8220;normal uma desacelera\u00e7\u00e3o a partir do quatro trimestre&#8221;, considerando a redu\u00e7\u00e3o do valor do aux\u00edlio emergencial, de R$ 600 para R$ 300, e a perda de for\u00e7a de medidas de posterga\u00e7\u00e3o no pagamento de empr\u00e9stimos.<\/p>\n<p>&#8220;<em>A realidade econ\u00f4mica de hoje n\u00e3o \u00e9 a do in\u00edcio do ano que vem. A gente n\u00e3o consegue perdurar no tempo uma medida do lado fiscal, dos aux\u00edlios, n\u00e3o tem capacidade fiscal de manuten\u00e7\u00e3o por um tempo muito mais prolongado. E \u00e9 natural que a realidade econ\u00f4mica v\u00e1 mudar um pouco&#8221;, acrescentou Serra, em videoconfer\u00eancia promovida pelo jornal &#8220;Valor Econ\u00f4mico&#8221;.<\/em><\/p>\n<p>Serra tamb\u00e9m foi questionado sobre as press\u00f5es de alta do d\u00f3lar no fim de ano, geradas por uma procura maior por moeda norte-americana, aliada, ainda, a mudan\u00e7as na legisla\u00e7\u00e3o do chamado &#8220;overhedge&#8221; &#8211; uma cobertura adicional ao valor do pr\u00f3prio investimento no exterior, considerada uma distor\u00e7\u00e3o no mercado brasileiro, que est\u00e1 sendo alterada em 2020 e 2021.<\/p>\n<p>O diretor do BC indicou que a institui\u00e7\u00e3o vai atuar para conter a alta do d\u00f3lar no fim do ano. E, para atender \u00e0 tradicional demanda pela moeda no fim do ano, apontou que a institui\u00e7\u00e3o &#8220;costumeiramente&#8221; oferta leil\u00f5es de linha, o que deve acontecer novamente em 2020.<\/p>\n<p>Nos leil\u00f5es de linha, o BC vende moeda estrangeira para quem est\u00e1 precisando, com compromisso de recompra nos meses seguintes.<\/p>\n<p>No caso do <em>&#8220;overhedge<\/em>&#8220;, as institui\u00e7\u00f5es financeiras e empresas ter\u00e3o de comprar US$ 15 bilh\u00f5es at\u00e9 o fim do ano para atenderem \u00e0s novas regras. Com isso, o diretor indicou que o Banco Central vai atuar, provendo liquidez em moeda norte-americana.<\/p>\n<p>Segundo ele, isso poder\u00e1 ser feito por meio de leil\u00f5es de &#8220;swaps cambiais&#8221;, instrumentos que equivalem \u00e0 venda de d\u00f3lares no mercado futuro pelo BC.<\/p>\n<p><strong>Alta da infla\u00e7\u00e3o e vacinas<\/strong><\/p>\n<p>O diretor do BC tamb\u00e9m reafirmou a posi\u00e7\u00e3o da autoridade monet\u00e1ria, divulgada nas \u00faltimas semanas, que a alta recente da infla\u00e7\u00e3o &#8220;\u00e9 tempor\u00e1ria&#8221;, e &#8220;puxada principalmente pela parte de alimentos&#8221;.<\/p>\n<p><em>&#8220;Umas regi\u00f5es est\u00e3o consumindo muito mais do que consumiam antes da pandemia, outras est\u00e3o consumindo menos. E essa reorganiza\u00e7\u00e3o log\u00edstica pode trazer consequ\u00eancias do lado de oferta, mas elas v\u00e3o se normalizar. Porque as condi\u00e7\u00f5es de oferta tamb\u00e9m j\u00e1 est\u00e3o se normalizando&#8221;, afirmou.<\/em><\/p>\n<p>Disse, ainda, que, apesar de entender pouco sobre sa\u00fade p\u00fablica, as not\u00edcias sobre o desenvolvimento de vacinas contra a Covid-19 &#8220;parecem ser extremamente positivas&#8221;.<\/p>\n<p><em>&#8220;Estamos falando da terceira vacina com efici\u00eancia acima de 90%. Isso \u00e9 bem melhor do que o mercado esperava h\u00e1 meses atr\u00e1s. Ainda tem as dificuldades de como as vacinas v\u00e3o chegar na popula\u00e7\u00e3o, mas eu acho que \u00e9 bastante positivo, acho que vai ajudar a economia voltar ao normal em algum momento futuro, em 2021. Uma esperan\u00e7a&#8221;, concluiu.<\/em><\/p>\n<p>Fonte: G1 Economia<\/p>\n","protected":false},"excerpt":{"rendered":"<p>Afirma\u00e7\u00e3o \u00e9 do diretor de Pol\u00edtica Monet\u00e1ria do Banco Central, Bruno Serra, que participou de &#8216;live&#8217; do jornal &#8216;Valor Econ\u00f4mico&#8217; nesta quarta (18) O diretor&#8230;<\/p>\n","protected":false},"author":1182,"featured_media":18067,"comment_status":"closed","ping_status":"closed","sticky":false,"template":"","format":"standard","meta":{"footnotes":""},"categories":[1],"tags":[1811,2752,2751,2299,856,463,3473],"class_list":["post-32610","post","type-post","status-publish","format-standard","has-post-thumbnail","hentry","category-sem-categoria","tag-banco-central","tag-coronavirus","tag-covid-19","tag-dolar","tag-economia","tag-inflacao","tag-vacinas"],"_links":{"self":[{"href":"https:\/\/www.sincomam.org.br\/index.php\/wp-json\/wp\/v2\/posts\/32610","targetHints":{"allow":["GET"]}}],"collection":[{"href":"https:\/\/www.sincomam.org.br\/index.php\/wp-json\/wp\/v2\/posts"}],"about":[{"href":"https:\/\/www.sincomam.org.br\/index.php\/wp-json\/wp\/v2\/types\/post"}],"author":[{"embeddable":true,"href":"https:\/\/www.sincomam.org.br\/index.php\/wp-json\/wp\/v2\/users\/1182"}],"replies":[{"embeddable":true,"href":"https:\/\/www.sincomam.org.br\/index.php\/wp-json\/wp\/v2\/comments?post=32610"}],"version-history":[{"count":1,"href":"https:\/\/www.sincomam.org.br\/index.php\/wp-json\/wp\/v2\/posts\/32610\/revisions"}],"predecessor-version":[{"id":32611,"href":"https:\/\/www.sincomam.org.br\/index.php\/wp-json\/wp\/v2\/posts\/32610\/revisions\/32611"}],"wp:featuredmedia":[{"embeddable":true,"href":"https:\/\/www.sincomam.org.br\/index.php\/wp-json\/wp\/v2\/media\/18067"}],"wp:attachment":[{"href":"https:\/\/www.sincomam.org.br\/index.php\/wp-json\/wp\/v2\/media?parent=32610"}],"wp:term":[{"taxonomy":"category","embeddable":true,"href":"https:\/\/www.sincomam.org.br\/index.php\/wp-json\/wp\/v2\/categories?post=32610"},{"taxonomy":"post_tag","embeddable":true,"href":"https:\/\/www.sincomam.org.br\/index.php\/wp-json\/wp\/v2\/tags?post=32610"}],"curies":[{"name":"wp","href":"https:\/\/api.w.org\/{rel}","templated":true}]}}