{"id":3261,"date":"2014-02-07T09:30:45","date_gmt":"2014-02-07T11:30:45","guid":{"rendered":"http:\/\/www.sincomam.org.br\/?p=3261"},"modified":"2014-02-07T11:32:29","modified_gmt":"2014-02-07T13:32:29","slug":"ministro-da-pesca-e-aquicultura-visita-o-sincomam","status":"publish","type":"post","link":"https:\/\/www.sincomam.org.br\/index.php\/ministro-da-pesca-e-aquicultura-visita-o-sincomam\/","title":{"rendered":"Ministro da Pesca e Aquicultura visita o SINCOMAM"},"content":{"rendered":"<p><b><span style=\"color: #000000;\"><em>Marcello Crivella ressalta a excel\u00eancia dos servi\u00e7os prestados a bordo das embarca\u00e7\u00f5es<\/em><\/span><\/p>\n<p><\/b>O Ministro da Pesca e Aquicultura, Marcelo Crivella, visitou a sede do Sindicato Nacional dos Condutores da Marinha Mercante e Afins (SINCOMAM), no dia 24 de janeiro de 2014, a fim de conhecer a institui\u00e7\u00e3o e a categoria dos Condutores de M\u00e1quinas.\u00a0<b><br \/><\/b><\/p>\n<p>Marcelo Crivella foi recebido pelo presidente do Sindicato, Alcir da Costa Albernoz, que aproveitou a ocasi\u00e3o para mostrar-lhe a institui\u00e7\u00e3o, a Categoria dos Condutores de M\u00e1quinas e suas atribui\u00e7\u00f5es exercidas a bordo das embarca\u00e7\u00f5es e os desafios enfrentados na Marinha Mercante.<\/p>\n<p>Segundo Albernoz, o ministro ficou impressionado com a institui\u00e7\u00e3o e com os representados, principalmente pelos relevantes servi\u00e7os prestados a bordo das embarca\u00e7\u00f5es.<\/p>\n<p>Em seu discurso, Crivella falou sobre seu trabalho no Minist\u00e9rio da Pesca, no qual conseguiu cortar impostos e criar o que ele chamou de \u201creforma aqu\u00e1ria\u201d.<\/p>\n<p>Ao final do encontro, o presidente do SINCOMAM agradeceu a visita de cortesia do Ministro Crivella e desejou-lhe pleno \u00eaxito em sua miss\u00e3o frente ao Minist\u00e9rio da Pesca e Aquicultura.<\/p>\n<p>Foto: SINCOMAM<\/p>\n<p><b>\u00a0<\/b><\/p>\n","protected":false},"excerpt":{"rendered":"<p>Marcello Crivella ressalta a excel\u00eancia dos servi\u00e7os prestados a bordo das embarca\u00e7\u00f5es O Ministro da Pesca e Aquicultura, Marcelo Crivella, visitou a sede do Sindicato&#8230;<\/p>\n","protected":false},"author":1182,"featured_media":3262,"comment_status":"closed","ping_status":"closed","sticky":false,"template":"","format":"standard","meta":{"footnotes":""},"categories":[6],"tags":[372,314,17,374,373],"class_list":["post-3261","post","type-post","status-publish","format-standard","has-post-thumbnail","hentry","category-noticias","tag-marcelo-crivella","tag-presidente","tag-sincomam","tag-sindicato","tag-visita"],"_links":{"self":[{"href":"https:\/\/www.sincomam.org.br\/index.php\/wp-json\/wp\/v2\/posts\/3261","targetHints":{"allow":["GET"]}}],"collection":[{"href":"https:\/\/www.sincomam.org.br\/index.php\/wp-json\/wp\/v2\/posts"}],"about":[{"href":"https:\/\/www.sincomam.org.br\/index.php\/wp-json\/wp\/v2\/types\/post"}],"author":[{"embeddable":true,"href":"https:\/\/www.sincomam.org.br\/index.php\/wp-json\/wp\/v2\/users\/1182"}],"replies":[{"embeddable":true,"href":"https:\/\/www.sincomam.org.br\/index.php\/wp-json\/wp\/v2\/comments?post=3261"}],"version-history":[{"count":1,"href":"https:\/\/www.sincomam.org.br\/index.php\/wp-json\/wp\/v2\/posts\/3261\/revisions"}],"predecessor-version":[{"id":3263,"href":"https:\/\/www.sincomam.org.br\/index.php\/wp-json\/wp\/v2\/posts\/3261\/revisions\/3263"}],"wp:featuredmedia":[{"embeddable":true,"href":"https:\/\/www.sincomam.org.br\/index.php\/wp-json\/wp\/v2\/media\/3262"}],"wp:attachment":[{"href":"https:\/\/www.sincomam.org.br\/index.php\/wp-json\/wp\/v2\/media?parent=3261"}],"wp:term":[{"taxonomy":"category","embeddable":true,"href":"https:\/\/www.sincomam.org.br\/index.php\/wp-json\/wp\/v2\/categories?post=3261"},{"taxonomy":"post_tag","embeddable":true,"href":"https:\/\/www.sincomam.org.br\/index.php\/wp-json\/wp\/v2\/tags?post=3261"}],"curies":[{"name":"wp","href":"https:\/\/api.w.org\/{rel}","templated":true}]}}