{"id":32607,"date":"2020-11-19T08:15:02","date_gmt":"2020-11-19T11:15:02","guid":{"rendered":"http:\/\/www.sincomam.org.br\/?p=32607"},"modified":"2020-11-18T23:58:46","modified_gmt":"2020-11-19T02:58:46","slug":"covid-19-brasil-tem-756-mortes-e-34-091-casos-nas-ultimas-24-horas","status":"publish","type":"post","link":"https:\/\/www.sincomam.org.br\/index.php\/covid-19-brasil-tem-756-mortes-e-34-091-casos-nas-ultimas-24-horas\/","title":{"rendered":"Covid-19: Brasil tem 756 mortes e 34.091 casos nas \u00faltimas 24 horas"},"content":{"rendered":"<p><strong><em>Pa\u00eds acumula 5,95 milh\u00f5es de casos confirmados da doen\u00e7a<\/em><\/strong><\/p>\n<p>O Brasil teve nas \u00faltimas 24 horas o registro de 756 novas mortes por covid-19 e 34.091 novos casos da doen\u00e7a. Os dados est\u00e3o na atualiza\u00e7\u00e3o di\u00e1ria do Minist\u00e9rio da Sa\u00fade divulgada na noite desta quarta-feira (18).<\/p>\n<p>No total, o n\u00famero de mortes em consequ\u00eancia da pandemia do novo coronav\u00edrus chegou a 167.455. Ontem o sistema registrava 166.699 \u00f3bitos pela doen\u00e7a. H\u00e1 2.173 mortes em investiga\u00e7\u00e3o.<\/p>\n<p>O n\u00famero de casos acumulados desde o in\u00edcio da pandemia atingiu 5.945.849. Ontem, o sistema de dados do Minist\u00e9rio da Sa\u00fade trazia 5.911.758. Ainda conforme o balan\u00e7o da pasta, h\u00e1 388.531 pacientes em acompanhamento e 5.389.863 pessoas se recuperaram da doen\u00e7a.<\/p>\n<p>Em geral, os casos s\u00e3o menores aos domingos e segundas-feiras em fun\u00e7\u00e3o da dificuldade de alimenta\u00e7\u00e3o pelas secretarias estaduais de Sa\u00fade. \u00c0s ter\u00e7as-feiras, eles podem subir mais em fun\u00e7\u00e3o do ac\u00famulo de registros atualizado.<\/p>\n<p><strong>Estados<\/strong><\/p>\n<p>Os estados com mais mortes pela covid-19 s\u00e3o: S\u00e3o Paulo (40.927), Rio de Janeiro (21.698), Minas Gerais (9.605), Cear\u00e1 (9.461) e Pernambuco (8.873). As unidades da Federa\u00e7\u00e3o com menos \u00f3bitos pela doen\u00e7a s\u00e3o Roraima, Acre (709), Amap\u00e1 (783), Tocantins (1.411) e Rond\u00f4nia (1.511).<\/p>\n<p>Fonte: Ag\u00eancia Brasil<\/p>\n","protected":false},"excerpt":{"rendered":"<p>Pa\u00eds acumula 5,95 milh\u00f5es de casos confirmados da doen\u00e7a O Brasil teve nas \u00faltimas 24 horas o registro de 756 novas mortes por covid-19 e&#8230;<\/p>\n","protected":false},"author":1182,"featured_media":28525,"comment_status":"closed","ping_status":"closed","sticky":false,"template":"","format":"standard","meta":{"footnotes":""},"categories":[6],"tags":[405,61,2800,2752,2751,2888,2969,1005,1375,2809,59,366],"class_list":["post-32607","post","type-post","status-publish","format-standard","has-post-thumbnail","hentry","category-noticias","tag-aumento","tag-brasil","tag-confirmados","tag-coronavirus","tag-covid-19","tag-hospital","tag-lotacao","tag-mortes","tag-populacao","tag-quarentena","tag-rio-de-janeiro","tag-sao-paulo"],"_links":{"self":[{"href":"https:\/\/www.sincomam.org.br\/index.php\/wp-json\/wp\/v2\/posts\/32607","targetHints":{"allow":["GET"]}}],"collection":[{"href":"https:\/\/www.sincomam.org.br\/index.php\/wp-json\/wp\/v2\/posts"}],"about":[{"href":"https:\/\/www.sincomam.org.br\/index.php\/wp-json\/wp\/v2\/types\/post"}],"author":[{"embeddable":true,"href":"https:\/\/www.sincomam.org.br\/index.php\/wp-json\/wp\/v2\/users\/1182"}],"replies":[{"embeddable":true,"href":"https:\/\/www.sincomam.org.br\/index.php\/wp-json\/wp\/v2\/comments?post=32607"}],"version-history":[{"count":1,"href":"https:\/\/www.sincomam.org.br\/index.php\/wp-json\/wp\/v2\/posts\/32607\/revisions"}],"predecessor-version":[{"id":32608,"href":"https:\/\/www.sincomam.org.br\/index.php\/wp-json\/wp\/v2\/posts\/32607\/revisions\/32608"}],"wp:featuredmedia":[{"embeddable":true,"href":"https:\/\/www.sincomam.org.br\/index.php\/wp-json\/wp\/v2\/media\/28525"}],"wp:attachment":[{"href":"https:\/\/www.sincomam.org.br\/index.php\/wp-json\/wp\/v2\/media?parent=32607"}],"wp:term":[{"taxonomy":"category","embeddable":true,"href":"https:\/\/www.sincomam.org.br\/index.php\/wp-json\/wp\/v2\/categories?post=32607"},{"taxonomy":"post_tag","embeddable":true,"href":"https:\/\/www.sincomam.org.br\/index.php\/wp-json\/wp\/v2\/tags?post=32607"}],"curies":[{"name":"wp","href":"https:\/\/api.w.org\/{rel}","templated":true}]}}