{"id":32602,"date":"2020-11-19T08:15:51","date_gmt":"2020-11-19T11:15:51","guid":{"rendered":"http:\/\/www.sincomam.org.br\/?p=32602"},"modified":"2020-11-18T23:53:49","modified_gmt":"2020-11-19T02:53:49","slug":"forcas-armadas-realizam-acoes-de-combate-aos-impactos-do-apagao-no-amapa","status":"publish","type":"post","link":"https:\/\/www.sincomam.org.br\/index.php\/forcas-armadas-realizam-acoes-de-combate-aos-impactos-do-apagao-no-amapa\/","title":{"rendered":"For\u00e7as Armadas realizam a\u00e7\u00f5es de combate aos impactos do apag\u00e3o no Amap\u00e1"},"content":{"rendered":"<p>O Minist\u00e9rio da Defesa informou que as For\u00e7as Armadas est\u00e3o cooperando para reduzir os impactos causados pela interrup\u00e7\u00e3o de energia el\u00e9trica no estado do Amap\u00e1. Segundo a Defesa, 39 militares da \u00e1rea da sa\u00fade prestam atendimento m\u00e9dico aos amapaenses.<\/p>\n<p>O apoio hospitalar feito por m\u00e9dicos, enfermeiros, cirurgi\u00f5es dentistas, farmac\u00eauticos e nutricionistas teve in\u00edcio em 11 de novembro e prossegue at\u00e9 o s\u00e1bado (21), de 8h \u00e0s 18h. Especialistas em radiologia, patologia cl\u00ednica e tecn\u00f3logos de enfermagem refor\u00e7am o atendimento.<\/p>\n<p>A popula\u00e7\u00e3o \u00e9 atendida no Centro de Triagem anexo ao Hospital de Emerg\u00eancia do munic\u00edpio de Santana. At\u00e9 o momento, a equipe de sa\u00fade da Marinha, do Ex\u00e9rcito e da Aeron\u00e1utica efetuaram mais de 470 procedimentos de enfermagem e mais de 740 servi\u00e7os em cl\u00ednica m\u00e9dica e pedi\u00e1trica.<\/p>\n<p><a href=\"https:\/\/www.sincomam.org.br\/wp-content\/uploads\/2020\/11\/operacao-Amapa-1.jpeg\"><img fetchpriority=\"high\" decoding=\"async\" class=\" wp-image-32604 alignleft\" src=\"https:\/\/www.sincomam.org.br\/wp-content\/uploads\/2020\/11\/operacao-Amapa-1-768x576.jpeg\" alt=\"\" width=\"659\" height=\"494\" srcset=\"https:\/\/www.sincomam.org.br\/wp-content\/uploads\/2020\/11\/operacao-Amapa-1-768x576.jpeg 768w, https:\/\/www.sincomam.org.br\/wp-content\/uploads\/2020\/11\/operacao-Amapa-1-300x225.jpeg 300w, https:\/\/www.sincomam.org.br\/wp-content\/uploads\/2020\/11\/operacao-Amapa-1.jpeg 1024w\" sizes=\"(max-width: 659px) 100vw, 659px\" \/><\/a>As instala\u00e7\u00f5es m\u00e9dicas dos Navios Auxiliar Par\u00e1 e Doca Multiprop\u00f3sito \u201cBahia\u201d foram disponibilizadas para apoio \u00e0 popula\u00e7\u00e3o. S\u00e3o ao todo 49 leitos, dois centros cir\u00fargicos, um laborat\u00f3rio de an\u00e1lises cl\u00ednicas e um consult\u00f3rio odontol\u00f3gico.<\/p>\n<p>Os militares est\u00e3o atentos quanto \u00e0 preven\u00e7\u00e3o e o combate ao novo coronav\u00edrus com a descontamina\u00e7\u00e3o tanto das instala\u00e7\u00f5es da unidade de sa\u00fade quanto das embarca\u00e7\u00f5es. A atividade \u00e9 executada pela Equipe de Defesa Nuclear, Biol\u00f3gica, Qu\u00edmica e Radiol\u00f3gica do 2\u00ba Batalh\u00e3o de Opera\u00e7\u00f5es Ribeirinhas.<\/p>\n<p><strong>A\u00e7\u00f5es<\/strong><\/p>\n<p>Nesta ter\u00e7a-feira (17), o Comando Conjunto Norte, formado pelo Comando Militar do Norte, pelo 4\u00ba Distrito Naval e pela Ala 9, contribuiu para a normaliza\u00e7\u00e3o do sistema el\u00e9trico. Foram convocados 50 militares do Comando Fronteira Amap\u00e1\/34\u00ba Batalh\u00e3o de Infantaria de Selva para auxiliar no restabelecimento de energia nos centros m\u00e9dicos. Os geradores das institui\u00e7\u00f5es de sa\u00fade da capital, Macap\u00e1 e do munic\u00edpio de Santana foram reabastecidos.<\/p>\n<p>A aeronave C-130 H\u00e9rcules da Aeron\u00e1utica transportou dois geradores adicionais de Manaus (AM) para Macap\u00e1. A 22\u00aa Brigada de Infantaria de Selva ajudou no desembarque e deslocamento para a Esta\u00e7\u00e3o Elevat\u00f3ria de \u00c1gua Tratada (EEAT) da capital amapaense.<\/p>\n<p>Os equipamentos permanecem auxiliando no restabelecimento de \u00e1gua da esta\u00e7\u00e3o. Isso permitiu a normaliza\u00e7\u00e3o do sistema de abastecimento de \u00e1gua da Companhia de \u00c1gua e Esgoto do Amap\u00e1 (CAESA). Cerca de 1,5 megawatts, antes direcionados para a EEAT, foram liberados para distribui\u00e7\u00e3o aos munic\u00edpios.<\/p>\n<p>Os navios da Marinha tamb\u00e9m est\u00e3o sendo usados no transporte de alimentos, \u00e1gua pot\u00e1vel e combust\u00edvel. O Comando Fronteira Amap\u00e1\/34\u00ba Batalh\u00e3o de Infantaria de Selva foi encarregado pela distribui\u00e7\u00e3o dos suprimentos para \u00e0 Secretaria de A\u00e7\u00e3o Social do munic\u00edpio de Tartarugalzinho; para o Centro de Refer\u00eancia de Assist\u00eancia Social (CRAS) de Itaubal e de Santana e para a Secretaria Municipal de Assist\u00eancia Social e Cidadania (SEMASC) de Santana.<\/p>\n<p>Fotos: divulga\u00e7\u00e3o\/Minist\u00e9rio da Defesa<\/p>\n","protected":false},"excerpt":{"rendered":"<p>O Minist\u00e9rio da Defesa informou que as For\u00e7as Armadas est\u00e3o cooperando para reduzir os impactos causados pela interrup\u00e7\u00e3o de energia el\u00e9trica no estado do Amap\u00e1&#8230;.<\/p>\n","protected":false},"author":1182,"featured_media":32603,"comment_status":"closed","ping_status":"closed","sticky":false,"template":"","format":"standard","meta":{"footnotes":""},"categories":[6],"tags":[1268,470,894,377],"class_list":["post-32602","post","type-post","status-publish","format-standard","has-post-thumbnail","hentry","category-noticias","tag-amapa","tag-apagao","tag-forcas-armadas","tag-operacao"],"_links":{"self":[{"href":"https:\/\/www.sincomam.org.br\/index.php\/wp-json\/wp\/v2\/posts\/32602","targetHints":{"allow":["GET"]}}],"collection":[{"href":"https:\/\/www.sincomam.org.br\/index.php\/wp-json\/wp\/v2\/posts"}],"about":[{"href":"https:\/\/www.sincomam.org.br\/index.php\/wp-json\/wp\/v2\/types\/post"}],"author":[{"embeddable":true,"href":"https:\/\/www.sincomam.org.br\/index.php\/wp-json\/wp\/v2\/users\/1182"}],"replies":[{"embeddable":true,"href":"https:\/\/www.sincomam.org.br\/index.php\/wp-json\/wp\/v2\/comments?post=32602"}],"version-history":[{"count":1,"href":"https:\/\/www.sincomam.org.br\/index.php\/wp-json\/wp\/v2\/posts\/32602\/revisions"}],"predecessor-version":[{"id":32605,"href":"https:\/\/www.sincomam.org.br\/index.php\/wp-json\/wp\/v2\/posts\/32602\/revisions\/32605"}],"wp:featuredmedia":[{"embeddable":true,"href":"https:\/\/www.sincomam.org.br\/index.php\/wp-json\/wp\/v2\/media\/32603"}],"wp:attachment":[{"href":"https:\/\/www.sincomam.org.br\/index.php\/wp-json\/wp\/v2\/media?parent=32602"}],"wp:term":[{"taxonomy":"category","embeddable":true,"href":"https:\/\/www.sincomam.org.br\/index.php\/wp-json\/wp\/v2\/categories?post=32602"},{"taxonomy":"post_tag","embeddable":true,"href":"https:\/\/www.sincomam.org.br\/index.php\/wp-json\/wp\/v2\/tags?post=32602"}],"curies":[{"name":"wp","href":"https:\/\/api.w.org\/{rel}","templated":true}]}}