{"id":32587,"date":"2020-11-19T08:05:38","date_gmt":"2020-11-19T11:05:38","guid":{"rendered":"http:\/\/www.sincomam.org.br\/?p=32587"},"modified":"2020-11-18T22:53:05","modified_gmt":"2020-11-19T01:53:05","slug":"agencias-do-inss-estarao-fechadas-na-proxima-segunda-feira-dia-23","status":"publish","type":"post","link":"https:\/\/www.sincomam.org.br\/index.php\/agencias-do-inss-estarao-fechadas-na-proxima-segunda-feira-dia-23\/","title":{"rendered":"Ag\u00eancias do INSS estar\u00e3o fechadas na pr\u00f3xima segunda-feira, dia 23"},"content":{"rendered":"<p><strong><em>Ponto facultativo do dia de servidor p\u00fablico foi transferido<\/em><\/strong><\/p>\n<p>Os segurados do Instituto Nacional do Seguro Social (INSS) n\u00e3o ser\u00e3o atendidos nas ag\u00eancias do \u00f3rg\u00e3o nesta segunda-feira (23). Os locais de atendimento estar\u00e3o fechados por causa do ponto facultativo correspondente ao dia do servidor p\u00fablico, que foi transferido de 28 de outubro para 23 de novembro.<\/p>\n<p>A transfer\u00eancia do ponto facultativo havia sido autorizada por portaria publicada em edi\u00e7\u00e3o extra do Di\u00e1rio Oficial da Uni\u00e3o em 27 de outubro, v\u00e9spera do dia do servidor p\u00fablico. Na ocasi\u00e3o, o governo justificou que a mudan\u00e7a de data foi necess\u00e1ria para manter os atendimentos agendados, evitando remarca\u00e7\u00f5es e transtornos para os benefici\u00e1rios.<\/p>\n<p>Outros \u00f3rg\u00e3os, como a Receita Federal haviam suspendido o expediente em 30 de outubro e atender\u00e3o normalmente nesta segunda-feira. O INSS, no entanto, optou por fazer o ponto facultativo no fim de novembro para desafogar o atendimento nas ag\u00eancias, que cuidam de pedidos e de processos acumulados durante a pandemia de covid-19.<\/p>\n<p>Com o fechamento das ag\u00eancias, os cidad\u00e3os podem buscar informa\u00e7\u00f5es, pedir benef\u00edcios e agendar servi\u00e7os sempre pelo aplicativo Meu INSS. Tamb\u00e9m \u00e9 poss\u00edvel resolver d\u00favidas pelo telefone 135, que funciona de segunda a s\u00e1bado, das 7h \u00e0s 22h.<\/p>\n<p>Fonte: Ag\u00eancia Brasil<\/p>\n","protected":false},"excerpt":{"rendered":"<p>Ponto facultativo do dia de servidor p\u00fablico foi transferido Os segurados do Instituto Nacional do Seguro Social (INSS) n\u00e3o ser\u00e3o atendidos nas ag\u00eancias do \u00f3rg\u00e3o&#8230;<\/p>\n","protected":false},"author":1182,"featured_media":32456,"comment_status":"closed","ping_status":"closed","sticky":false,"template":"","format":"standard","meta":{"footnotes":""},"categories":[6],"tags":[3697,4009,1078,1839,4008,1679,3089],"class_list":["post-32587","post","type-post","status-publish","format-standard","has-post-thumbnail","hentry","category-noticias","tag-agencias","tag-facultativo","tag-fechamento","tag-inss","tag-ponto","tag-publico","tag-servidor"],"_links":{"self":[{"href":"https:\/\/www.sincomam.org.br\/index.php\/wp-json\/wp\/v2\/posts\/32587","targetHints":{"allow":["GET"]}}],"collection":[{"href":"https:\/\/www.sincomam.org.br\/index.php\/wp-json\/wp\/v2\/posts"}],"about":[{"href":"https:\/\/www.sincomam.org.br\/index.php\/wp-json\/wp\/v2\/types\/post"}],"author":[{"embeddable":true,"href":"https:\/\/www.sincomam.org.br\/index.php\/wp-json\/wp\/v2\/users\/1182"}],"replies":[{"embeddable":true,"href":"https:\/\/www.sincomam.org.br\/index.php\/wp-json\/wp\/v2\/comments?post=32587"}],"version-history":[{"count":1,"href":"https:\/\/www.sincomam.org.br\/index.php\/wp-json\/wp\/v2\/posts\/32587\/revisions"}],"predecessor-version":[{"id":32588,"href":"https:\/\/www.sincomam.org.br\/index.php\/wp-json\/wp\/v2\/posts\/32587\/revisions\/32588"}],"wp:featuredmedia":[{"embeddable":true,"href":"https:\/\/www.sincomam.org.br\/index.php\/wp-json\/wp\/v2\/media\/32456"}],"wp:attachment":[{"href":"https:\/\/www.sincomam.org.br\/index.php\/wp-json\/wp\/v2\/media?parent=32587"}],"wp:term":[{"taxonomy":"category","embeddable":true,"href":"https:\/\/www.sincomam.org.br\/index.php\/wp-json\/wp\/v2\/categories?post=32587"},{"taxonomy":"post_tag","embeddable":true,"href":"https:\/\/www.sincomam.org.br\/index.php\/wp-json\/wp\/v2\/tags?post=32587"}],"curies":[{"name":"wp","href":"https:\/\/api.w.org\/{rel}","templated":true}]}}