{"id":32584,"date":"2020-11-19T08:00:33","date_gmt":"2020-11-19T11:00:33","guid":{"rendered":"http:\/\/www.sincomam.org.br\/?p=32584"},"modified":"2020-11-18T22:45:22","modified_gmt":"2020-11-19T01:45:22","slug":"explosao-seguida-de-incendio-em-lancha-deixa-quatro-feridos-em-brasilia","status":"publish","type":"post","link":"https:\/\/www.sincomam.org.br\/index.php\/explosao-seguida-de-incendio-em-lancha-deixa-quatro-feridos-em-brasilia\/","title":{"rendered":"Explos\u00e3o seguida de inc\u00eandio em lancha deixa quatro feridos em Bras\u00edlia"},"content":{"rendered":"<p><strong><em>Acidente aconteceu no Lago Parano\u00e1 pouco depois de o piloto parar para abastecer a embarca\u00e7\u00e3o<\/em><\/strong><\/p>\n<p>Quatro pessoas ficaram feridas hoje, duas delas com gravidade, ap\u00f3s uma explos\u00e3o seguida de inc\u00eandio em uma lancha no Lago Parano\u00e1, em Bras\u00edlia.<\/p>\n<p>O acidente ocorreu pouco depois de o piloto parar para abastecer a embarca\u00e7\u00e3o no posto de combust\u00edvel que fica \u00e0s margens do lago. Segundo o subtenente Cidemar, do Corpo de Bombeiros do Distrito Federal, ap\u00f3s o abastecimento, os motores n\u00e3o funcionaram e o piloto tentou consert\u00e1-los.<\/p>\n<p>&#8220;Eles trouxeram a lancha para frente do Clube Vila N\u00e1utica e aqui tentaram fazer os motores funcionarem. Um motor acionou e eles continuaram tentando o segundo. Foi quando ocorreu a explos\u00e3o&#8221;, explicou.<\/p>\n<p>Dois ocupantes da lancha ficaram gravemente feridos. Jenifer Neris dos Reis Rezende, de 39 anos, teve 45% do corpo queimado. J\u00e1 Anderson Cunha Oliveira, de 37 anos, teve queimaduras em 40% do corpo. A dupla foi levada ao Hospital Regional da Asa Norte, refer\u00eancia no tratamento de queimados em Bras\u00edlia.<\/p>\n<p>As outras duas pessoas tiveram ferimentos de menor gravidade e foram atendidas no local. Tamb\u00e9m havia uma crian\u00e7a de quatro anos a bordo, mas ela n\u00e3o se feriu.<\/p>\n<p>As chamas foram controladas pelo Corpo de Bombeiros em cerca de 20 minutos, mas a lancha ficou destru\u00edda. Mergulhadores resgataram os pertences das v\u00edtimas, que ca\u00edram no lago.<\/p>\n<p>A per\u00edcia do Corpo de Bombeiros vai indicar a causa do acidente.<\/p>\n<p>Fonte: UOL \/Foto: CBMDF\/Divulga\u00e7\u00e3o<\/p>\n","protected":false},"excerpt":{"rendered":"<p>Acidente aconteceu no Lago Parano\u00e1 pouco depois de o piloto parar para abastecer a embarca\u00e7\u00e3o Quatro pessoas ficaram feridas hoje, duas delas com gravidade, ap\u00f3s&#8230;<\/p>\n","protected":false},"author":1182,"featured_media":32585,"comment_status":"closed","ping_status":"closed","sticky":false,"template":"","format":"standard","meta":{"footnotes":""},"categories":[6],"tags":[3844,416,352,3398,115,4093,4095,1756,4094],"class_list":["post-32584","post","type-post","status-publish","format-standard","has-post-thumbnail","hentry","category-noticias","tag-bombeiros","tag-brasilia","tag-embarcacao","tag-ferido","tag-incendio","tag-lago","tag-lancha","tag-morte","tag-paranoa"],"_links":{"self":[{"href":"https:\/\/www.sincomam.org.br\/index.php\/wp-json\/wp\/v2\/posts\/32584","targetHints":{"allow":["GET"]}}],"collection":[{"href":"https:\/\/www.sincomam.org.br\/index.php\/wp-json\/wp\/v2\/posts"}],"about":[{"href":"https:\/\/www.sincomam.org.br\/index.php\/wp-json\/wp\/v2\/types\/post"}],"author":[{"embeddable":true,"href":"https:\/\/www.sincomam.org.br\/index.php\/wp-json\/wp\/v2\/users\/1182"}],"replies":[{"embeddable":true,"href":"https:\/\/www.sincomam.org.br\/index.php\/wp-json\/wp\/v2\/comments?post=32584"}],"version-history":[{"count":1,"href":"https:\/\/www.sincomam.org.br\/index.php\/wp-json\/wp\/v2\/posts\/32584\/revisions"}],"predecessor-version":[{"id":32586,"href":"https:\/\/www.sincomam.org.br\/index.php\/wp-json\/wp\/v2\/posts\/32584\/revisions\/32586"}],"wp:featuredmedia":[{"embeddable":true,"href":"https:\/\/www.sincomam.org.br\/index.php\/wp-json\/wp\/v2\/media\/32585"}],"wp:attachment":[{"href":"https:\/\/www.sincomam.org.br\/index.php\/wp-json\/wp\/v2\/media?parent=32584"}],"wp:term":[{"taxonomy":"category","embeddable":true,"href":"https:\/\/www.sincomam.org.br\/index.php\/wp-json\/wp\/v2\/categories?post=32584"},{"taxonomy":"post_tag","embeddable":true,"href":"https:\/\/www.sincomam.org.br\/index.php\/wp-json\/wp\/v2\/tags?post=32584"}],"curies":[{"name":"wp","href":"https:\/\/api.w.org\/{rel}","templated":true}]}}