{"id":32575,"date":"2020-11-18T08:32:24","date_gmt":"2020-11-18T11:32:24","guid":{"rendered":"http:\/\/www.sincomam.org.br\/?p=32575"},"modified":"2020-11-18T08:32:24","modified_gmt":"2020-11-18T11:32:24","slug":"governo-anuncia-que-programas-sociais-devem-fechar-ano-com-r-320-bi-em-repasses","status":"publish","type":"post","link":"https:\/\/www.sincomam.org.br\/index.php\/governo-anuncia-que-programas-sociais-devem-fechar-ano-com-r-320-bi-em-repasses\/","title":{"rendered":"Governo anuncia que programas sociais devem fechar ano com R$ 320 bi em repasses"},"content":{"rendered":"<p>Os programas sociais devem repassar R$ 320 bilh\u00f5es \u00e0 popula\u00e7\u00e3o at\u00e9 o fim de 2020, de acordo com previs\u00e3o do governo federal.<\/p>\n<p>Conforme informou a Secretaria Especial de Comunica\u00e7\u00e3o Social da Presid\u00eancia da Rep\u00fablica (Secom), at\u00e9 outubro, j\u00e1 haviam sido destinados R$ 290 bilh\u00f5es para este fim.\u00a0 At\u00e9 2018, o Brasil n\u00e3o havia investido mais que R$ 90 bilh\u00f5es em assist\u00eancia social por ano.<\/p>\n<p>O aumento foi puxado principalmente pela distribui\u00e7\u00e3o do aux\u00edlio emergencial. At\u00e9 setembro, 67,7 milh\u00f5es de brasileiros haviam sido contemplados pelas parcelas previstas para socorrer trabalhadores informais, MEIs (microempreendedores individuais) e desempregados durante a pandemia do novo coronav\u00edrus.<\/p>\n<p>At\u00e9 o momento, o calend\u00e1rio de pagamentos do aux\u00edlio vai at\u00e9 janeiro de 2021. O programa teve nove parcelas totais \u2014as cinco primeiras, de R$ 600, e as quatro \u00faltimas, de R$ 300. Os valores s\u00e3o dobrados para mulheres chefes de fam\u00edlia.<\/p>\n<p>Para contar a hist\u00f3ria do programa, a Secom ir\u00e1 publicar um document\u00e1rio com relatos de benefici\u00e1rios na quarta-feira (18). O material estar\u00e1 dispon\u00edvel nas redes sociais do governo federal.<\/p>\n<p>Fonte: CNN Brasil<\/p>\n","protected":false},"excerpt":{"rendered":"<p>Os programas sociais devem repassar R$ 320 bilh\u00f5es \u00e0 popula\u00e7\u00e3o at\u00e9 o fim de 2020, de acordo com previs\u00e3o do governo federal. Conforme informou a&#8230;<\/p>\n","protected":false},"author":1182,"featured_media":29823,"comment_status":"closed","ping_status":"closed","sticky":false,"template":"","format":"standard","meta":{"footnotes":""},"categories":[6],"tags":[2752,2751,192,754,1363,4091,2795],"class_list":["post-32575","post","type-post","status-publish","format-standard","has-post-thumbnail","hentry","category-noticias","tag-coronavirus","tag-covid-19","tag-governo","tag-programa","tag-repasse","tag-secom","tag-social"],"_links":{"self":[{"href":"https:\/\/www.sincomam.org.br\/index.php\/wp-json\/wp\/v2\/posts\/32575","targetHints":{"allow":["GET"]}}],"collection":[{"href":"https:\/\/www.sincomam.org.br\/index.php\/wp-json\/wp\/v2\/posts"}],"about":[{"href":"https:\/\/www.sincomam.org.br\/index.php\/wp-json\/wp\/v2\/types\/post"}],"author":[{"embeddable":true,"href":"https:\/\/www.sincomam.org.br\/index.php\/wp-json\/wp\/v2\/users\/1182"}],"replies":[{"embeddable":true,"href":"https:\/\/www.sincomam.org.br\/index.php\/wp-json\/wp\/v2\/comments?post=32575"}],"version-history":[{"count":1,"href":"https:\/\/www.sincomam.org.br\/index.php\/wp-json\/wp\/v2\/posts\/32575\/revisions"}],"predecessor-version":[{"id":32576,"href":"https:\/\/www.sincomam.org.br\/index.php\/wp-json\/wp\/v2\/posts\/32575\/revisions\/32576"}],"wp:featuredmedia":[{"embeddable":true,"href":"https:\/\/www.sincomam.org.br\/index.php\/wp-json\/wp\/v2\/media\/29823"}],"wp:attachment":[{"href":"https:\/\/www.sincomam.org.br\/index.php\/wp-json\/wp\/v2\/media?parent=32575"}],"wp:term":[{"taxonomy":"category","embeddable":true,"href":"https:\/\/www.sincomam.org.br\/index.php\/wp-json\/wp\/v2\/categories?post=32575"},{"taxonomy":"post_tag","embeddable":true,"href":"https:\/\/www.sincomam.org.br\/index.php\/wp-json\/wp\/v2\/tags?post=32575"}],"curies":[{"name":"wp","href":"https:\/\/api.w.org\/{rel}","templated":true}]}}