{"id":32562,"date":"2020-11-18T08:00:42","date_gmt":"2020-11-18T11:00:42","guid":{"rendered":"http:\/\/www.sincomam.org.br\/?p=32562"},"modified":"2020-11-17T23:14:20","modified_gmt":"2020-11-18T02:14:20","slug":"amapa-sofre-novo-apagao-e-macapaenses-relatam-eletricidade-instavel","status":"publish","type":"post","link":"https:\/\/www.sincomam.org.br\/index.php\/amapa-sofre-novo-apagao-e-macapaenses-relatam-eletricidade-instavel\/","title":{"rendered":"Amap\u00e1 sofre novo apag\u00e3o e macapaenses relatam eletricidade inst\u00e1vel"},"content":{"rendered":"<p><strong><em>Moradores protestaram em rua de Macap\u00e1 ap\u00f3s apag\u00e3o na cidade<\/em><\/strong><\/p>\n<p>O Amap\u00e1 sofreu novo blecaute na noite desta ter\u00e7a-feira (17). Por volta de 21h, um novo apag\u00e3o atingiu a regi\u00e3o metropolitana de Macap\u00e1, incluindo Santana e Mazag\u00e3o, e alguns munic\u00edpios do interior. Procurada pelo UOL, a CEA (Companhia de Eletricidade do Amap\u00e1) afirmou que ainda n\u00e3o h\u00e1 informa\u00e7\u00f5es sobre o que pode ter ocasionado a falha.<\/p>\n<p>Desde o dia 3 de novembro, o estado enfrenta problemas com o fornecimento de luz: a subesta\u00e7\u00e3o de energia el\u00e9trica da capital Macap\u00e1 pegou fogo e provocou um blecaute em 14 dos 16 munic\u00edpios. A energia come\u00e7ou a ser restabelecida no dia 7, mas em regime de rod\u00edzio.<\/p>\n<p>Autoridades apontam que o novo apag\u00e3o ocorreu em fun\u00e7\u00e3o da sobrecarga no transformador da subesta\u00e7\u00e3o de Macap\u00e1. O ministro de Minas e Energia, Bento Albuquerque, afirmou \u00e0 colunista do UOL Carla Ara\u00fajo que o sistema est\u00e1 &#8220;sendo reenergizado e gradativamente a energia retornar\u00e1&#8221;.<\/p>\n<p>O senador Randolfe Rodrigues (Rede-AP) cobrou de autoridades um esclarecimento sobre o ocorrido. &#8220;Estamos novamente com apag\u00e3o total no Amap\u00e1. \u00c9 urgente um esclarecimento das autoridades respons\u00e1veis sobre o que aconteceu neste momento.&#8221;, escreveu ele no Twitter.<\/p>\n<p>O senador apresentou um projeto para cria\u00e7\u00e3o de um fundo que re\u00fana doa\u00e7\u00f5es e recursos de a\u00e7\u00f5es na Justi\u00e7a para compensar financeiramente a popula\u00e7\u00e3o afetada pelo apag\u00e3o no Amap\u00e1.<\/p>\n<p>Randolfe afirmou que a iniciativa tem por objetivo auxiliar quem sofreu com problemas decorrentes da priva\u00e7\u00e3o de energia el\u00e9trica ou mesmo com o rod\u00edzio de luz: fome, eletrodom\u00e9sticos estragados, estoques de comerciantes perdidos e problemas de sa\u00fade ap\u00f3s beber \u00e1gua suja ou contaminada.<\/p>\n<p>Fonte: UOL<\/p>\n","protected":false},"excerpt":{"rendered":"<p>Moradores protestaram em rua de Macap\u00e1 ap\u00f3s apag\u00e3o na cidade O Amap\u00e1 sofreu novo blecaute na noite desta ter\u00e7a-feira (17). Por volta de 21h, um&#8230;<\/p>\n","protected":false},"author":1182,"featured_media":32563,"comment_status":"closed","ping_status":"closed","sticky":false,"template":"","format":"standard","meta":{"footnotes":""},"categories":[6],"tags":[452,1268,470,4088,4090,426,367,4089],"class_list":["post-32562","post","type-post","status-publish","format-standard","has-post-thumbnail","hentry","category-noticias","tag-agua","tag-amapa","tag-apagao","tag-eletricidade","tag-fome","tag-luz","tag-projeto","tag-rodizio"],"_links":{"self":[{"href":"https:\/\/www.sincomam.org.br\/index.php\/wp-json\/wp\/v2\/posts\/32562","targetHints":{"allow":["GET"]}}],"collection":[{"href":"https:\/\/www.sincomam.org.br\/index.php\/wp-json\/wp\/v2\/posts"}],"about":[{"href":"https:\/\/www.sincomam.org.br\/index.php\/wp-json\/wp\/v2\/types\/post"}],"author":[{"embeddable":true,"href":"https:\/\/www.sincomam.org.br\/index.php\/wp-json\/wp\/v2\/users\/1182"}],"replies":[{"embeddable":true,"href":"https:\/\/www.sincomam.org.br\/index.php\/wp-json\/wp\/v2\/comments?post=32562"}],"version-history":[{"count":1,"href":"https:\/\/www.sincomam.org.br\/index.php\/wp-json\/wp\/v2\/posts\/32562\/revisions"}],"predecessor-version":[{"id":32564,"href":"https:\/\/www.sincomam.org.br\/index.php\/wp-json\/wp\/v2\/posts\/32562\/revisions\/32564"}],"wp:featuredmedia":[{"embeddable":true,"href":"https:\/\/www.sincomam.org.br\/index.php\/wp-json\/wp\/v2\/media\/32563"}],"wp:attachment":[{"href":"https:\/\/www.sincomam.org.br\/index.php\/wp-json\/wp\/v2\/media?parent=32562"}],"wp:term":[{"taxonomy":"category","embeddable":true,"href":"https:\/\/www.sincomam.org.br\/index.php\/wp-json\/wp\/v2\/categories?post=32562"},{"taxonomy":"post_tag","embeddable":true,"href":"https:\/\/www.sincomam.org.br\/index.php\/wp-json\/wp\/v2\/tags?post=32562"}],"curies":[{"name":"wp","href":"https:\/\/api.w.org\/{rel}","templated":true}]}}