{"id":32527,"date":"2020-11-16T11:01:49","date_gmt":"2020-11-16T14:01:49","guid":{"rendered":"http:\/\/www.sincomam.org.br\/?p=32527"},"modified":"2020-11-16T11:01:49","modified_gmt":"2020-11-16T14:01:49","slug":"auxilio-emergencial-e-creditado-para-36-milhoes-de-beneficiarios","status":"publish","type":"post","link":"https:\/\/www.sincomam.org.br\/index.php\/auxilio-emergencial-e-creditado-para-36-milhoes-de-beneficiarios\/","title":{"rendered":"Aux\u00edlio emergencial \u00e9 creditado para 3,6 milh\u00f5es de benefici\u00e1rios"},"content":{"rendered":"<p><strong><em>Caixa libera hoje R$ 1,4 bilh\u00e3o<\/em><\/strong><\/p>\n<p>O cr\u00e9dito do aux\u00edlio emergencial ser\u00e1 liberado hoje (16) para 3,6 milh\u00f5es de brasileiros nascidos em outubro. Os benefici\u00e1rios do ciclo 4 de pagamentos receber\u00e3o R$ 1,4 bilh\u00e3o distribu\u00eddo em suas contas da poupan\u00e7a social digital, informou a Caixa Econ\u00f4mica Federal.<\/p>\n<p>Desse total, 660,1 mil receber\u00e3o R$ 432,6 milh\u00f5es referentes \u00e0s parcelas do aux\u00edlio emergencial. Os demais, 2,9 milh\u00f5es, ser\u00e3o contemplados com a segunda parcela do Aux\u00edlio Emergencial Extens\u00e3o, somando 957,6 milh\u00f5es.<\/p>\n<p>A partir de hoje, os valores podem ser movimentados pelo aplicativo Caixa Tem para pagamento de boletos, compras na internet e pelas maquininhas em mais de um milh\u00e3o de estabelecimentos comerciais.<\/p>\n<p>O benef\u00edcio, criado em abril pelo governo federal, foi estendido at\u00e9 31 de dezembro por meio da Medida Provis\u00f3ria (MP) n\u00ba 1000.<\/p>\n<p>O Aux\u00edlio Emergencial Extens\u00e3o ser\u00e1 pago em at\u00e9 quatro parcelas de R$ 300 cada e, no caso das m\u00e3es chefes de fam\u00edlia monoparental, o valor \u00e9 de R$ 600.<\/p>\n<p>Saques e transfer\u00eancias para quem recebe o cr\u00e9dito nesta segunda-feira ser\u00e3o liberados a partir do dia 1\u00ba de dezembro.<\/p>\n<p>Fonte: Ag\u00eancia Brasil<\/p>\n","protected":false},"excerpt":{"rendered":"<p>Caixa libera hoje R$ 1,4 bilh\u00e3o O cr\u00e9dito do aux\u00edlio emergencial ser\u00e1 liberado hoje (16) para 3,6 milh\u00f5es de brasileiros nascidos em outubro. Os benefici\u00e1rios&#8230;<\/p>\n","protected":false},"author":1182,"featured_media":31725,"comment_status":"closed","ping_status":"closed","sticky":false,"template":"","format":"standard","meta":{"footnotes":""},"categories":[6],"tags":[4074,2377,2985,390,325,204],"class_list":["post-32527","post","type-post","status-publish","format-standard","has-post-thumbnail","hentry","category-noticias","tag-auxilio-mergencial","tag-beneficio","tag-brasileiro","tag-caixa","tag-liberacao","tag-pagamento"],"_links":{"self":[{"href":"https:\/\/www.sincomam.org.br\/index.php\/wp-json\/wp\/v2\/posts\/32527","targetHints":{"allow":["GET"]}}],"collection":[{"href":"https:\/\/www.sincomam.org.br\/index.php\/wp-json\/wp\/v2\/posts"}],"about":[{"href":"https:\/\/www.sincomam.org.br\/index.php\/wp-json\/wp\/v2\/types\/post"}],"author":[{"embeddable":true,"href":"https:\/\/www.sincomam.org.br\/index.php\/wp-json\/wp\/v2\/users\/1182"}],"replies":[{"embeddable":true,"href":"https:\/\/www.sincomam.org.br\/index.php\/wp-json\/wp\/v2\/comments?post=32527"}],"version-history":[{"count":1,"href":"https:\/\/www.sincomam.org.br\/index.php\/wp-json\/wp\/v2\/posts\/32527\/revisions"}],"predecessor-version":[{"id":32528,"href":"https:\/\/www.sincomam.org.br\/index.php\/wp-json\/wp\/v2\/posts\/32527\/revisions\/32528"}],"wp:featuredmedia":[{"embeddable":true,"href":"https:\/\/www.sincomam.org.br\/index.php\/wp-json\/wp\/v2\/media\/31725"}],"wp:attachment":[{"href":"https:\/\/www.sincomam.org.br\/index.php\/wp-json\/wp\/v2\/media?parent=32527"}],"wp:term":[{"taxonomy":"category","embeddable":true,"href":"https:\/\/www.sincomam.org.br\/index.php\/wp-json\/wp\/v2\/categories?post=32527"},{"taxonomy":"post_tag","embeddable":true,"href":"https:\/\/www.sincomam.org.br\/index.php\/wp-json\/wp\/v2\/tags?post=32527"}],"curies":[{"name":"wp","href":"https:\/\/api.w.org\/{rel}","templated":true}]}}